{"id":24465,"date":"2021-03-01T19:50:34","date_gmt":"2021-03-01T18:50:34","guid":{"rendered":"https:\/\/senzor.ba\/?p=24465"},"modified":"2024-01-15T21:39:51","modified_gmt":"2024-01-15T20:39:51","slug":"podvelezje-ozvanicen-zavrsetak-radova-na-prvom-vjetroparku-elektroprivrede-bih","status":"publish","type":"post","link":"https:\/\/tvsensor.com\/clanak\/podvelezje-ozvanicen-zavrsetak-radova-na-prvom-vjetroparku-elektroprivrede-bih\/","title":{"rendered":"Podvele\u017eje: Ozvani\u010den zavr\u0161etak radova na prvom vjetroparku Elektroprivrede BiH"},"content":{"rendered":"\n<p>Na platou Podvele\u017eja ozvani\u010den je zavr\u0161etak radova na izgradnji prvog parka vjetroelektrana Elektroprivrede Bosne i Hercegovine, javlja Anadolu Agency (AA).<\/p>\n\n\n\n<p>Sve\u010danosti organizovanoj simboli\u010dno na Dan nezavisnosti Bosne i Hercegovine prisustvovali su \u010dlanovi Predsjedni\u0161tva Bosne i Hercegovine \u017deljko Kom\u0161i\u0107 i \u0160efik D\u017eaferovi\u0107.<\/p>\n\n\n\n<figure class=\"wp-block-image\"><img decoding=\"async\" src=\"https:\/\/www.aa.com.tr\/uploads\/userFiles\/2ce30255-3163-44ac-8efe-54428a040c56\/_DSC4331.JPG\" alt=\"\"\/><\/figure>\n\n\n\n<p>Kom\u0161i\u0107 je govore\u0107i o vjetroparku izrazio nadu da \u0107e njegovo pu\u0161tanje u pogon predstavljati i po\u010detak novog trenda u Bosni i Hercegovini, i to ne zato \u0161to je to ne\u0161to \u0161to ide u korak sa zapadom, ve\u0107 zato \u0161to nam je \u201cenergija itekako potrebna\u201c.<\/p>\n\n\n\n<p>\u201c\u010cestitke rukovodstvu Elektroprivrede BiH i svima koji su bili uklju\u010deni u gradnju ovog vjetroparka. Sje\u0107am se prvog sporazuma u Predsjedni\u0161tvu BiH koji se odnosio na ovaj pogon i to je tad izgledalo tako daleko, ali evo do\u010dekali smo na sre\u0107u i taj dan. Sretan sam i \u0161to je to na Dan nezavisnosti BiH. Ovo je ina\u010de primjer da u na\u0161oj zemlji nije sve crno i da ima i dobrih, i naprednih stvari u kojima idemo u korak sa modernim svijetom. \u017delim da se takve stvari nastave i da Elektroprivreda BiH krene u realizaciju projekata \u0161irom Federacije BiH. To je jedna zona odgovonosti i sve \u010destitke radnicima, a gra\u0111anima jo\u0161 jednom \u2013 sretan Dan nezavisnosti\u201c, rekao je Kom\u0161i\u0107.<\/p>\n\n\n\n<p>Zadovoljstvo nije krio ni njegov kolega \u0160efik D\u017eaferovi\u0107, koji je tako\u0111er u svom izlaganju naveo da je prije svega ponosan.<\/p>\n\n\n\n<figure class=\"wp-block-image\"><img decoding=\"async\" src=\"https:\/\/www.aa.com.tr\/uploads\/userFiles\/2ce30255-3163-44ac-8efe-54428a040c56\/S%CC%8Cefik%20Dz%CC%8Caferovic%CC%81.jpg\" alt=\"\"\/><\/figure>\n\n\n\n<figure class=\"wp-block-image\"><img decoding=\"async\" src=\"https:\/\/www.aa.com.tr\/uploads\/userFiles\/2ce30255-3163-44ac-8efe-54428a040c56\/S%CC%8Cefik.jpg\" alt=\"\"\/><\/figure>\n\n\n\n<p>\u201cDrago mi je \u0161to upravo na ovaj dan imamo priliku da sve\u010dano otvaramo pogon i da on otpo\u010dinje s radom u korist dr\u017eave i njenih gra\u0111ana. Projekti poput ovoga pokazuju ozbiljnost i snagu dr\u017eave. Oni pokazuju \u010dvrstu opredijeljenost za razvoj, ali i sposobnost da dr\u017eavu vodimo tim putem. Siguran sam da, uspje\u0161no realiziraju\u0107i ovakve projekte, na najbolji na\u010din ispunjavamo obavezu prema historijskoj generaciji, koja je prije 29 godina izborila samostalnost i nezavisnost dr\u017eave i ostavila nam je da skrbimo o njoj, kao uslovu na\u0161e slobode i na\u0161eg opstanka. Energetika je temelj moderne ekonomije&#8221;, naveo je D\u017eaferovi\u0107.<\/p>\n\n\n\n<p>Ali, rekao je, energetika je i mnogo vi\u0161e od toga.<\/p>\n\n\n\n<p>&#8220;Ona pro\u017eima svaku poru savremenog \u017eivota i su\u0161tinski ga odre\u0111uje. Kao takva, energetika ne predstavlja samo temelj razvoja jedne zajednice, ve\u0107 i temelj njene sigurnosti i u kona\u010dnici uslov njenog opstanka. Kroz iskustvo agresije mi smo na najbolji na\u010din iskusili \u0161ta zna\u010di energetska nezavisnost. Agresor je koristio energetske izvore kao oru\u017eje. Ograni\u010davaju\u0107i dotok energije, neprestano je stvarao uslove nepodno\u0161ljivosti s ciljem da nas trajno ukloni sa teritorije na koju je kidisao. Energetski resursi koje smo tada kontrolisali, poput dijela kapaciteta Elektroprivrede, predstavljali su sredstvo od neizmjernog zna\u010daja za odbranu i o\u010duvanje dr\u017eave\u201c, poru\u010dio je D\u017eaferovi\u0107.<\/p>\n\n\n\n<p>Predsjednik Nadzornog odbora JP Elektroprivreda BiH Izet \u017digi\u0107 rekao je da je vi\u0161e razloga zbog kojih su u ovom preduze\u0107u danas ponosni i zadovoljni. Ovo je, podsjetio je, prvi proizvodni objekat Elektroprivrede nakon skoro 40 godina.<\/p>\n\n\n\n<figure class=\"wp-block-image\"><img decoding=\"async\" src=\"https:\/\/www.aa.com.tr\/uploads\/userFiles\/2ce30255-3163-44ac-8efe-54428a040c56\/Izet.JPG\" alt=\"\"\/><\/figure>\n\n\n\n<p>\u201cOn je va\u017ean jer se njime ispunjava obaveza Bosne i Hercegovine kao potpisinice ugovora o energetskoj zajednici. Kori\u0161tenje obnovljivih izvora energije je strate\u0161ko opredjeljenje Elektroprivrede BiH, a realizacija ovog projekta zna\u010di i pove\u0107anje proizvodnje energije i pouzdanost snabdijevanja efikasnog kori\u0161tenja prirodnih resursa u BiH. Ovo je, tako\u0111er, poticaj za razvoj doma\u0107e privrede. Posebno je va\u017eno i to \u0161to su tokom izgradnje anga\u017eovane doma\u0107e kompanije iz Sarajeva, Mostara i Tuzle, a od krucijalne va\u017enosti bila je i podr\u0161ka lokalne zajednice, pa na temelju ostvarene saradnje \u017eelimo ostvariti i sve budu\u0107e planove\u201c, rekao je \u017digi\u0107.<\/p>\n\n\n\n<p>Instalirana snaga vjetroparka Podvele\u017eje iznosi 48 megavata, a ukupna godi\u0161nja proizvodnja oko 130 gigavat-sati elektri\u010dne energije. Ina\u010de, za proizvodnju 130 gigavat-sati elektri\u010dne energije potrebno je utro\u0161iti 130.000 tona uglja.<\/p>\n","protected":false},"excerpt":{"rendered":"<p>Na platou Podvele\u017eja ozvani\u010den je zavr\u0161etak radova na izgradnji prvog parka vjetroelektrana Elektroprivrede Bosne i Hercegovine, javlja Anadolu Agency (AA). Sve\u010danosti organizovanoj simboli\u010dno na Dan nezavisnosti Bosne i Hercegovine prisustvovali su \u010dlanovi Predsjedni\u0161tva Bosne i Hercegovine \u017deljko Kom\u0161i\u0107 i \u0160efik D\u017eaferovi\u0107. Kom\u0161i\u0107 je govore\u0107i o vjetroparku izrazio nadu da \u0107e njegovo pu\u0161tanje u pogon predstavljati [&hellip;]<\/p>\n","protected":false},"author":59,"featured_media":24466,"comment_status":"closed","ping_status":"closed","sticky":false,"template":"","format":"standard","meta":{"inline_featured_image":false,"footnotes":""},"categories":[43,42],"tags":[],"class_list":{"0":"post-24465","1":"post","2":"type-post","3":"status-publish","4":"format-standard","5":"has-post-thumbnail","7":"category-bih","8":"category-ekonomija"},"acf":[],"_links":{"self":[{"href":"https:\/\/tvsensor.com\/api\/wp\/v2\/posts\/24465","targetHints":{"allow":["GET"]}}],"collection":[{"href":"https:\/\/tvsensor.com\/api\/wp\/v2\/posts"}],"about":[{"href":"https:\/\/tvsensor.com\/api\/wp\/v2\/types\/post"}],"author":[{"embeddable":true,"href":"https:\/\/tvsensor.com\/api\/wp\/v2\/users\/59"}],"replies":[{"embeddable":true,"href":"https:\/\/tvsensor.com\/api\/wp\/v2\/comments?post=24465"}],"version-history":[{"count":1,"href":"https:\/\/tvsensor.com\/api\/wp\/v2\/posts\/24465\/revisions"}],"predecessor-version":[{"id":24467,"href":"https:\/\/tvsensor.com\/api\/wp\/v2\/posts\/24465\/revisions\/24467"}],"wp:featuredmedia":[{"embeddable":true,"href":"https:\/\/tvsensor.com\/api\/wp\/v2\/media\/24466"}],"wp:attachment":[{"href":"https:\/\/tvsensor.com\/api\/wp\/v2\/media?parent=24465"}],"wp:term":[{"taxonomy":"category","embeddable":true,"href":"https:\/\/tvsensor.com\/api\/wp\/v2\/categories?post=24465"},{"taxonomy":"post_tag","embeddable":true,"href":"https:\/\/tvsensor.com\/api\/wp\/v2\/tags?post=24465"}],"curies":[{"name":"wp","href":"https:\/\/api.w.org\/{rel}","templated":true}]}}