{"id":24451,"date":"2021-03-01T18:06:19","date_gmt":"2021-03-01T17:06:19","guid":{"rendered":"https:\/\/senzor.ba\/?p=24451"},"modified":"2024-01-15T21:39:51","modified_gmt":"2024-01-15T20:39:51","slug":"zastava-bih-s-ljiljanima-vijori-se-u-centru-sarajeva","status":"publish","type":"post","link":"https:\/\/tvsensor.com\/clanak\/zastava-bih-s-ljiljanima-vijori-se-u-centru-sarajeva\/","title":{"rendered":"Zastava bih s ljiljanima vijori se u centru Sarajeva"},"content":{"rendered":"\n<p><strong>U BiH se danas obilje\u017eava Dan nezavisnosti.<\/strong><\/p>\n\n\n\n<p>Podsje\u0107amo, na dana\u0161nji dan prije 29 godina, gra\u0111ani su iza\u0161li su na referendum historijskog zna\u010daja koji je imao za cilj utvrditi da li su za nezavisnu i suverenu dr\u017eavu.<\/p>\n\n\n\n<p>I dok traje obilje\u017eavanje i proslava ovog velikog dana, u glavnom gradu na\u0161e domovine danas se vijorila i zastava BiH s ljiljanima.<\/p>\n\n\n\n<p>Ovaj prelijep prizor zabilje\u017een je u samom centru Sarajeva, gdje su jutros brojne delegacije odale po\u010dast nastradalim u opsadi glavnog grada, ali i agresiji na na\u0161u zemlju.<\/p>\n\n\n\n<p>Iako \u010desto osporavana od agresorskih snaga koje i danas djeluju, sa zastavom s ljiljanima na\u0161a domovina je primljena u Ujedinjene narode.<\/p>\n","protected":false},"excerpt":{"rendered":"<p>U BiH se danas obilje\u017eava Dan nezavisnosti. Podsje\u0107amo, na dana\u0161nji dan prije 29 godina, gra\u0111ani su iza\u0161li su na referendum historijskog zna\u010daja koji je imao za cilj utvrditi da li su za nezavisnu i suverenu dr\u017eavu. I dok traje obilje\u017eavanje i proslava ovog velikog dana, u glavnom gradu na\u0161e domovine danas se vijorila i zastava [&hellip;]<\/p>\n","protected":false},"author":59,"featured_media":24452,"comment_status":"closed","ping_status":"closed","sticky":false,"template":"","format":"standard","meta":{"inline_featured_image":false,"footnotes":""},"categories":[238],"tags":[],"class_list":{"0":"post-24451","1":"post","2":"type-post","3":"status-publish","4":"format-standard","5":"has-post-thumbnail","7":"category-slika-dana"},"acf":[],"_links":{"self":[{"href":"https:\/\/tvsensor.com\/api\/wp\/v2\/posts\/24451","targetHints":{"allow":["GET"]}}],"collection":[{"href":"https:\/\/tvsensor.com\/api\/wp\/v2\/posts"}],"about":[{"href":"https:\/\/tvsensor.com\/api\/wp\/v2\/types\/post"}],"author":[{"embeddable":true,"href":"https:\/\/tvsensor.com\/api\/wp\/v2\/users\/59"}],"replies":[{"embeddable":true,"href":"https:\/\/tvsensor.com\/api\/wp\/v2\/comments?post=24451"}],"version-history":[{"count":1,"href":"https:\/\/tvsensor.com\/api\/wp\/v2\/posts\/24451\/revisions"}],"predecessor-version":[{"id":24453,"href":"https:\/\/tvsensor.com\/api\/wp\/v2\/posts\/24451\/revisions\/24453"}],"wp:featuredmedia":[{"embeddable":true,"href":"https:\/\/tvsensor.com\/api\/wp\/v2\/media\/24452"}],"wp:attachment":[{"href":"https:\/\/tvsensor.com\/api\/wp\/v2\/media?parent=24451"}],"wp:term":[{"taxonomy":"category","embeddable":true,"href":"https:\/\/tvsensor.com\/api\/wp\/v2\/categories?post=24451"},{"taxonomy":"post_tag","embeddable":true,"href":"https:\/\/tvsensor.com\/api\/wp\/v2\/tags?post=24451"}],"curies":[{"name":"wp","href":"https:\/\/api.w.org\/{rel}","templated":true}]}}