{"id":24446,"date":"2021-03-01T17:54:40","date_gmt":"2021-03-01T16:54:40","guid":{"rendered":"https:\/\/senzor.ba\/?p=24446"},"modified":"2024-01-15T21:39:51","modified_gmt":"2024-01-15T20:39:51","slug":"mladi-biznismen-senad-santic-bih-je-moja-domovina-povratkom-zelim-doprinijeti-razvoju-zemlje","status":"publish","type":"post","link":"https:\/\/tvsensor.com\/clanak\/mladi-biznismen-senad-santic-bih-je-moja-domovina-povratkom-zelim-doprinijeti-razvoju-zemlje\/","title":{"rendered":"Mladi biznismen Senad \u0160anti\u0107: BiH je moja domovina, povratkom \u017eelim doprinijeti razvoju zemlje"},"content":{"rendered":"\n<figure class=\"wp-block-embed is-type-video is-provider-youtube wp-block-embed-youtube wp-embed-aspect-16-9 wp-has-aspect-ratio\"><div class=\"wp-block-embed__wrapper\">\n<iframe loading=\"lazy\" title=\"MLADI BIZNISMEN SENAD \u0160ANTI\u0106: BIH JE MOJA DOMOVINA, POVRATKOM \u017dELIM DOPRINIJETI RAZVOJU ZEMLJE\" width=\"696\" height=\"392\" src=\"https:\/\/www.youtube.com\/embed\/BM_SWK4ke4E?feature=oembed\" frameborder=\"0\" allow=\"accelerometer; autoplay; clipboard-write; encrypted-media; gyroscope; picture-in-picture\" allowfullscreen><\/iframe>\n<\/div><\/figure>\n\n\n\n<p><strong>Senad \u0160anti\u0107 je ro\u0111en 1988. godine, a kao dijete je zbog agresije na BiH izbjegao u \u0160vedsku.<\/strong><\/p>\n\n\n\n<p>Me\u0111utim, njegova veza s Bosnom i Hercegovinom nije pokidana, pa je od 1996. godine ljeta provodio u rodnom Mostaru i tako odr\u017eavao stalne kontakte s rodbinom i prijateljima.<\/p>\n\n\n\n<p>Vratio se u domovinu i pokrenuo vlastiti biznis, odnosno IT kompaniju, koja zapo\u0161ljava na desetine ljudi. Kako nam je kazao presudila je \u017eelja za povratkom. <\/p>\n\n\n\n<p>&#8220;Porodica je bila veliki razlog za moj povratak, jer kad smo izbjegli iz Mostara mnogo \u010dlanova porodice je ostalo i \u017eelio sam da budem blizu njih. Dugo sam razmi\u0161ljao i na kraju je presudio neki malo le\u017eeran stil, posebno je on izra\u017een ovdje u Hercegovini. Jednostavno sam shvatio da mogu doprinijeti na\u0161oj domovini&#8221;, kazao nam je \u0160anti\u0107.<\/p>\n\n\n\n<p>Isti\u010de da je odmah nakon zavr\u0161etka agresije na na\u0161u zemlju po\u010deo dolaziti u BiH tokom ljeta.<\/p>\n\n\n\n<p>&#8220;Svake godine smo posje\u0107ivali na\u0161 grad, porodicu i BiH. Moji roditelji su forsirali na tome, da ne zaboravimo na domovinu. Nikada nisam imao osje\u0107aj da pripadam \u0160vedskoj. Za mene je BiH moja domovina, roditelji su uvijek \u017eeljeli da u ku\u0107i pri\u010damo na bosanskom jeziku. Zanimljivo da su mnogi moji prijatelji koji su iz BiH na ljetovanja i\u0161li u druge zemlje, ali mi smo uvijek dolazili u Mostar. Ovo je moja domovina&#8221;, izri\u010dit je \u0160anti\u0107.<\/p>\n\n\n\n<p>Hayat.ba<\/p>\n","protected":false},"excerpt":{"rendered":"<p>Senad \u0160anti\u0107 je ro\u0111en 1988. godine, a kao dijete je zbog agresije na BiH izbjegao u \u0160vedsku. Me\u0111utim, njegova veza s Bosnom i Hercegovinom nije pokidana, pa je od 1996. godine ljeta provodio u rodnom Mostaru i tako odr\u017eavao stalne kontakte s rodbinom i prijateljima. Vratio se u domovinu i pokrenuo vlastiti biznis, odnosno IT [&hellip;]<\/p>\n","protected":false},"author":59,"featured_media":24447,"comment_status":"closed","ping_status":"closed","sticky":false,"template":"","format":"video","meta":{"inline_featured_image":false,"footnotes":""},"categories":[39,42],"tags":[],"class_list":{"0":"post-24446","1":"post","2":"type-post","3":"status-publish","4":"format-video","5":"has-post-thumbnail","7":"category-dijaspora","8":"category-ekonomija","9":"post_format-post-format-video"},"acf":[],"_links":{"self":[{"href":"https:\/\/tvsensor.com\/api\/wp\/v2\/posts\/24446","targetHints":{"allow":["GET"]}}],"collection":[{"href":"https:\/\/tvsensor.com\/api\/wp\/v2\/posts"}],"about":[{"href":"https:\/\/tvsensor.com\/api\/wp\/v2\/types\/post"}],"author":[{"embeddable":true,"href":"https:\/\/tvsensor.com\/api\/wp\/v2\/users\/59"}],"replies":[{"embeddable":true,"href":"https:\/\/tvsensor.com\/api\/wp\/v2\/comments?post=24446"}],"version-history":[{"count":4,"href":"https:\/\/tvsensor.com\/api\/wp\/v2\/posts\/24446\/revisions"}],"predecessor-version":[{"id":24462,"href":"https:\/\/tvsensor.com\/api\/wp\/v2\/posts\/24446\/revisions\/24462"}],"wp:featuredmedia":[{"embeddable":true,"href":"https:\/\/tvsensor.com\/api\/wp\/v2\/media\/24447"}],"wp:attachment":[{"href":"https:\/\/tvsensor.com\/api\/wp\/v2\/media?parent=24446"}],"wp:term":[{"taxonomy":"category","embeddable":true,"href":"https:\/\/tvsensor.com\/api\/wp\/v2\/categories?post=24446"},{"taxonomy":"post_tag","embeddable":true,"href":"https:\/\/tvsensor.com\/api\/wp\/v2\/tags?post=24446"}],"curies":[{"name":"wp","href":"https:\/\/api.w.org\/{rel}","templated":true}]}}