{"id":24443,"date":"2021-03-01T17:49:32","date_gmt":"2021-03-01T16:49:32","guid":{"rendered":"https:\/\/senzor.ba\/?p=24443"},"modified":"2024-01-15T21:39:52","modified_gmt":"2024-01-15T20:39:52","slug":"komsic-na-mjestu-gdje-je-proglasen-nepozeljnim-ko-mi-ima-zabraniti-da-se-krecem-zemljom","status":"publish","type":"post","link":"https:\/\/tvsensor.com\/clanak\/komsic-na-mjestu-gdje-je-proglasen-nepozeljnim-ko-mi-ima-zabraniti-da-se-krecem-zemljom\/","title":{"rendered":"Kom\u0161i\u0107 na mjestu gdje je progla\u0161en nepo\u017eeljnim: Ko mi ima zabraniti da se kre\u0107em zemljom"},"content":{"rendered":"\n<p><strong>\u010clan Predsjedni\u0161tva Bosne i Hercegovine, \u017deljko Kom\u0161i\u0107 posjetio je ju\u010der Stolac, jedan od gradova u kojem je progla\u0161en nepo\u017eeljnim.<\/strong><\/p>\n\n\n\n<p>Prisustvovao je javnoj tribini \u201cZna\u010daj 1. marta za dr\u017eavu Bosnu i Hercegovinu\u201d, na kojoj je govorio o politici jedinstva Evropske unije i NATO saveza, ali i o izborima i Izbornom zakonu.<\/p>\n\n\n\n<p>Kazao je da je mi\u0161ljenja da odluka da da bude progla\u0161en nepo\u017eeljnom osobom u pojedinim lokalnim zajednicama predstavlja politi\u010dku manipulaciju Hrvatske demokratske zajednice (HDZ).<\/p>\n\n\n\n<p>&#8220;Da mislim da me narod mrzi, pitao bih se da li valjam. Nije ovo prva sredina gdje sam progla\u0161en personom non grata. Ko mi ima pravo zabraniti da se kre\u0107em zemljom? Ovo je moje i ja \u0107u do\u0107i, a ako treba da se tu\u010demo, tu\u0107i \u0107emo se&#8221;, poru\u010dio je.<\/p>\n","protected":false},"excerpt":{"rendered":"<p>\u010clan Predsjedni\u0161tva Bosne i Hercegovine, \u017deljko Kom\u0161i\u0107 posjetio je ju\u010der Stolac, jedan od gradova u kojem je progla\u0161en nepo\u017eeljnim. Prisustvovao je javnoj tribini \u201cZna\u010daj 1. marta za dr\u017eavu Bosnu i Hercegovinu\u201d, na kojoj je govorio o politici jedinstva Evropske unije i NATO saveza, ali i o izborima i Izbornom zakonu. Kazao je da je mi\u0161ljenja [&hellip;]<\/p>\n","protected":false},"author":59,"featured_media":24444,"comment_status":"closed","ping_status":"closed","sticky":false,"template":"","format":"standard","meta":{"inline_featured_image":false,"footnotes":""},"categories":[38],"tags":[],"class_list":{"0":"post-24443","1":"post","2":"type-post","3":"status-publish","4":"format-standard","5":"has-post-thumbnail","7":"category-vijesti-iz-bih"},"acf":[],"_links":{"self":[{"href":"https:\/\/tvsensor.com\/api\/wp\/v2\/posts\/24443","targetHints":{"allow":["GET"]}}],"collection":[{"href":"https:\/\/tvsensor.com\/api\/wp\/v2\/posts"}],"about":[{"href":"https:\/\/tvsensor.com\/api\/wp\/v2\/types\/post"}],"author":[{"embeddable":true,"href":"https:\/\/tvsensor.com\/api\/wp\/v2\/users\/59"}],"replies":[{"embeddable":true,"href":"https:\/\/tvsensor.com\/api\/wp\/v2\/comments?post=24443"}],"version-history":[{"count":1,"href":"https:\/\/tvsensor.com\/api\/wp\/v2\/posts\/24443\/revisions"}],"predecessor-version":[{"id":24445,"href":"https:\/\/tvsensor.com\/api\/wp\/v2\/posts\/24443\/revisions\/24445"}],"wp:featuredmedia":[{"embeddable":true,"href":"https:\/\/tvsensor.com\/api\/wp\/v2\/media\/24444"}],"wp:attachment":[{"href":"https:\/\/tvsensor.com\/api\/wp\/v2\/media?parent=24443"}],"wp:term":[{"taxonomy":"category","embeddable":true,"href":"https:\/\/tvsensor.com\/api\/wp\/v2\/categories?post=24443"},{"taxonomy":"post_tag","embeddable":true,"href":"https:\/\/tvsensor.com\/api\/wp\/v2\/tags?post=24443"}],"curies":[{"name":"wp","href":"https:\/\/api.w.org\/{rel}","templated":true}]}}