{"id":24429,"date":"2021-03-01T15:56:15","date_gmt":"2021-03-01T14:56:15","guid":{"rendered":"https:\/\/senzor.ba\/?p=24429"},"modified":"2024-01-15T21:39:52","modified_gmt":"2024-01-15T20:39:52","slug":"salkic-u-bratuncu-i-potocarima-moramo-nastaviti-da-izgradjujemo-nasu-domovinu-bih-za-sve-njene-gradjane","status":"publish","type":"post","link":"https:\/\/tvsensor.com\/clanak\/salkic-u-bratuncu-i-potocarima-moramo-nastaviti-da-izgradjujemo-nasu-domovinu-bih-za-sve-njene-gradjane\/","title":{"rendered":"Salki\u0107 u Bratuncu i Poto\u010darima: Moramo nastaviti da izgra\u0111ujemo na\u0161u domovinu BiH, za sve njene gra\u0111ane"},"content":{"rendered":"\n<p>Ramiz Salki\u0107, potpredsjednik manjeg bh. entiteta, prisustvovao je danas obilje\u017eavanju Dana nezavisnosti Bosne i Hercegovine u Bratuncu i Poto\u010darima, prenosi Anadolu Agency (AA).<\/p>\n\n\n\n<p>Obilje\u017eavanje jednog od najzna\u010dajnijih datuma u historiji BiH, najprije je, prigodnim programom, uprili\u010deno u Memorijalnom centru Veljaci u Bratuncu, a potom i u Memorijalnom centru Poto\u010dari kod Srebrenice.<\/p>\n\n\n\n<p>U obra\u0107anju prisutnima Salki\u0107 je istakao da obilje\u017eavanje Dana nezavisnosti BiH na Drini jeste potvrda ustrajnosti i posve\u0107enosti referendumskom pitanju o Bosni i Hercegovini, zemlji ravnopravnih naroda i gra\u0111ana.<\/p>\n\n\n\n<p>&#8220;Mi na\u0161im okupljanjima u povodu Dana nezavisnosti na\u0161e domovine Bosne i Hercegovine od Bosanskog Novog do Trebinja svjedo\u010dimo da nismo odustali i da nikada ne\u0107emo odustati od borbe za na\u0161u domovinu. Obilje\u017eavanje Dana nezavisnosti Bosne i Hercegovine najbolja je prilika da se sjetimo svih onih koji su utkali svoje \u017eivote u temelje njene nezavisnosti, da im iska\u017eemo zahvalnost i na\u0161e po\u0161tovanje&#8221;, kazao je Salki\u0107.<\/p>\n\n\n\n<p>Kako je kazao, upravo zbog njih &#8220;mi moramo nastaviti na\u0161u borbu, kako njihova \u017ertva ne bi bila uzaludna&#8221;.<\/p>\n\n\n\n<p>&#8220;Moramo nastaviti da izgra\u0111ujemo na\u0161u domovinu, kako bi bila zemlja jednakih prava i jednakih mogu\u0107nosti za sve njene gra\u0111ane. Uprkos sistemskoj diskriminaciji na\u0161eg naroda i negiranja na\u0161e domovine Bosne i Hercegovine u ovom entitetu mi smo tu, ustrajni i posve\u0107eni izgradnji najboljih mogu\u0107ih odnosa sa na\u0161im kom\u0161ijama, posve\u0107eni trajnom miru&#8221;, pojasnio je Salki\u0107.<\/p>\n\n\n\n<p>Pozvao je politi\u010dke predstavnike bosanskih Srba da prekinu sistemsku diskriminaciju Bo\u0161njaka i poku\u0161aje protjerivanja Bosne i Hercegovine iz svojih \u017eivota i da se &#8220;zajedni\u010dki posvetimo ja\u010danju zajedni\u010dke nam domovine Bosne i Hercegovine&#8221;.<\/p>\n\n\n\n<p>&#8220;Samo zajedno mo\u017eemo u\u010diniti na\u0161e dru\u0161tvo pravednijim, bez diskriminacije, sa jednakim pravima i mogu\u0107nostima za sve gra\u0111ane. Na\u0161e prisustvo i obilje\u017eavanje Dana nezavisnosti ovdje na Drini, potvrda je na\u0161e ustrajnosti i posve\u0107enosti referendumskom pitanju o Bosni i Hercegovini, zemlji ravnopravnih naroda i gra\u0111ana. Na\u0161 bosanski duh, koji \u010dini bosanskohercegova\u010dka posebnost bio je na\u0161a snaga koja je bila presudna da se izborimo za nezavisnost i dr\u017eavnost Bosne i Hercegovine i da je \u010duvamo, bez obzira na neprestane udare sa svih strana&#8221;, kazao je Salki\u0107.<\/p>\n\n\n\n<p>Naglasio je da je Bosna i Hercegovina domovina svih njenih gra\u0111ana i cilj je da ona bude zemlja jednakih prava i mogu\u0107nosti.<\/p>\n\n\n\n<p>&#8220;Na\u0161 cilj je pravedan prema svima i zbog toga je ostvariv i ja se nadam da \u0107emo ga uskoro posti\u0107i u na\u0161oj domovini. Pozivam vas da danas dostojanstveno i ponosno obilje\u017eimo Dan nezavisnosti jedine nam domovine Bosne i Hercegovine&#8221;, dodao je Salki\u0107.<\/p>\n","protected":false},"excerpt":{"rendered":"<p>Ramiz Salki\u0107, potpredsjednik manjeg bh. entiteta, prisustvovao je danas obilje\u017eavanju Dana nezavisnosti Bosne i Hercegovine u Bratuncu i Poto\u010darima, prenosi Anadolu Agency (AA). Obilje\u017eavanje jednog od najzna\u010dajnijih datuma u historiji BiH, najprije je, prigodnim programom, uprili\u010deno u Memorijalnom centru Veljaci u Bratuncu, a potom i u Memorijalnom centru Poto\u010dari kod Srebrenice. U obra\u0107anju prisutnima Salki\u0107 [&hellip;]<\/p>\n","protected":false},"author":59,"featured_media":24430,"comment_status":"closed","ping_status":"closed","sticky":false,"template":"","format":"standard","meta":{"inline_featured_image":false,"footnotes":""},"categories":[38],"tags":[],"class_list":{"0":"post-24429","1":"post","2":"type-post","3":"status-publish","4":"format-standard","5":"has-post-thumbnail","7":"category-vijesti-iz-bih"},"acf":[],"_links":{"self":[{"href":"https:\/\/tvsensor.com\/api\/wp\/v2\/posts\/24429","targetHints":{"allow":["GET"]}}],"collection":[{"href":"https:\/\/tvsensor.com\/api\/wp\/v2\/posts"}],"about":[{"href":"https:\/\/tvsensor.com\/api\/wp\/v2\/types\/post"}],"author":[{"embeddable":true,"href":"https:\/\/tvsensor.com\/api\/wp\/v2\/users\/59"}],"replies":[{"embeddable":true,"href":"https:\/\/tvsensor.com\/api\/wp\/v2\/comments?post=24429"}],"version-history":[{"count":2,"href":"https:\/\/tvsensor.com\/api\/wp\/v2\/posts\/24429\/revisions"}],"predecessor-version":[{"id":24432,"href":"https:\/\/tvsensor.com\/api\/wp\/v2\/posts\/24429\/revisions\/24432"}],"wp:featuredmedia":[{"embeddable":true,"href":"https:\/\/tvsensor.com\/api\/wp\/v2\/media\/24430"}],"wp:attachment":[{"href":"https:\/\/tvsensor.com\/api\/wp\/v2\/media?parent=24429"}],"wp:term":[{"taxonomy":"category","embeddable":true,"href":"https:\/\/tvsensor.com\/api\/wp\/v2\/categories?post=24429"},{"taxonomy":"post_tag","embeddable":true,"href":"https:\/\/tvsensor.com\/api\/wp\/v2\/tags?post=24429"}],"curies":[{"name":"wp","href":"https:\/\/api.w.org\/{rel}","templated":true}]}}