{"id":24422,"date":"2021-03-01T15:22:53","date_gmt":"2021-03-01T14:22:53","guid":{"rendered":"https:\/\/senzor.ba\/?p=24422"},"modified":"2024-01-15T21:39:52","modified_gmt":"2024-01-15T20:39:52","slug":"u-mostaru-otkriven-spomenik-poginulim-borcima-i-civilnim-zrtvama-rata","status":"publish","type":"post","link":"https:\/\/tvsensor.com\/clanak\/u-mostaru-otkriven-spomenik-poginulim-borcima-i-civilnim-zrtvama-rata\/","title":{"rendered":"U Mostaru otkriven spomenik poginulim borcima i civilnim \u017ertvama rata"},"content":{"rendered":"\n<p>Gra\u0111ani Mostara su sagradili spomenik u znaku ljiljana koji je posve\u0107en poginulim borcima i civilnim \u017ertvama rata, a sve\u010dano otkrivanje u naselju \u0160ehovina odr\u017eano je danas u sklopu obilje\u017eavanja Dana nezavisnosti BiH.<\/p>\n\n\n\n<p>Organizatori iz Udru\u017eenja \u0160ehovina ovaj spomenik su sagradili uz pomo\u0107 sredstava koja su donirali gra\u0111ani Mostar, ali i donacija koje su stizale od Mostaraca i Mostarki \u0161irom svijeta.<\/p>\n\n\n\n<p>Imena svih donatora ispisana su na kamenoj plo\u010di koja je u znaku knjige postavljena ispred velikog ljiljana. Na drugoj plo\u010di ispisana su imena \u017ertava rata, dok je na srednjoj plo\u010di isklesana posebna poruka svim gra\u0111anima BiH.<\/p>\n\n\n\n<p>&#8220;Pamti, ti \u0161to stoji\u0161 ovdje i gleda\u0161 ovaj ljiljan! Znaj da on predstavlja sve ono \u0161to smo bili, \u0161to jesmo i \u0161to \u0107emo biti. Pamti nas, koji smo stije\u0161njeni izme\u0111u Istoka i Zapada branili na\u0161 narod, na\u0161 spaljeni grad i domovinu. Zapamti! Da nije bilo nas, ne bi bilo ni tebe. Pamti nas. Pamti i nedu\u017enu djecu, \u017eene i starce koje su ubili \u010detni\u010dki i usta\u0161ki zlo\u010dinci. Pamti! Ali, ne mrzi. Jer, mr\u017enja je teret i zlo\u010din u za\u010detku. Pamti i zapamti, kako se zlo koje nas je zadesilo, vi\u0161e nikada ne bi ponovilo&#8221;, stoji na srednjoj plo\u010di spomenika.<\/p>\n\n\n\n<p>Tokom sve\u010danosti istaknut je zna\u010daj dana\u0161njeg dana ali i sje\u0107anja na one koji su svoje \u017eivote dali za nezavisnosti u i suverenu BiH.<\/p>\n\n\n\n<p>Spomenik se nalazi ispred Osnovne \u0161kole &#8220;Mustafa Ejubovi\u0107 &#8211; \u0160ejh Jujo&#8221;, Mostar bogat program koji su pripremili u\u010denici te \u0161kole sa svojim nastavnicima.<\/p>\n","protected":false},"excerpt":{"rendered":"<p>Gra\u0111ani Mostara su sagradili spomenik u znaku ljiljana koji je posve\u0107en poginulim borcima i civilnim \u017ertvama rata, a sve\u010dano otkrivanje u naselju \u0160ehovina odr\u017eano je danas u sklopu obilje\u017eavanja Dana nezavisnosti BiH. Organizatori iz Udru\u017eenja \u0160ehovina ovaj spomenik su sagradili uz pomo\u0107 sredstava koja su donirali gra\u0111ani Mostar, ali i donacija koje su stizale od [&hellip;]<\/p>\n","protected":false},"author":59,"featured_media":24423,"comment_status":"closed","ping_status":"closed","sticky":false,"template":"","format":"standard","meta":{"inline_featured_image":false,"footnotes":""},"categories":[38],"tags":[],"class_list":{"0":"post-24422","1":"post","2":"type-post","3":"status-publish","4":"format-standard","5":"has-post-thumbnail","7":"category-vijesti-iz-bih"},"acf":[],"_links":{"self":[{"href":"https:\/\/tvsensor.com\/api\/wp\/v2\/posts\/24422","targetHints":{"allow":["GET"]}}],"collection":[{"href":"https:\/\/tvsensor.com\/api\/wp\/v2\/posts"}],"about":[{"href":"https:\/\/tvsensor.com\/api\/wp\/v2\/types\/post"}],"author":[{"embeddable":true,"href":"https:\/\/tvsensor.com\/api\/wp\/v2\/users\/59"}],"replies":[{"embeddable":true,"href":"https:\/\/tvsensor.com\/api\/wp\/v2\/comments?post=24422"}],"version-history":[{"count":2,"href":"https:\/\/tvsensor.com\/api\/wp\/v2\/posts\/24422\/revisions"}],"predecessor-version":[{"id":24425,"href":"https:\/\/tvsensor.com\/api\/wp\/v2\/posts\/24422\/revisions\/24425"}],"wp:featuredmedia":[{"embeddable":true,"href":"https:\/\/tvsensor.com\/api\/wp\/v2\/media\/24423"}],"wp:attachment":[{"href":"https:\/\/tvsensor.com\/api\/wp\/v2\/media?parent=24422"}],"wp:term":[{"taxonomy":"category","embeddable":true,"href":"https:\/\/tvsensor.com\/api\/wp\/v2\/categories?post=24422"},{"taxonomy":"post_tag","embeddable":true,"href":"https:\/\/tvsensor.com\/api\/wp\/v2\/tags?post=24422"}],"curies":[{"name":"wp","href":"https:\/\/api.w.org\/{rel}","templated":true}]}}