{"id":24419,"date":"2021-03-01T15:05:25","date_gmt":"2021-03-01T14:05:25","guid":{"rendered":"https:\/\/senzor.ba\/?p=24419"},"modified":"2024-01-15T21:39:52","modified_gmt":"2024-01-15T20:39:52","slug":"povodom-dana-nezavisnosti-bih-u-sarajevu-podijeljeni-kolaci-u-obliku-ljiljana","status":"publish","type":"post","link":"https:\/\/tvsensor.com\/clanak\/povodom-dana-nezavisnosti-bih-u-sarajevu-podijeljeni-kolaci-u-obliku-ljiljana\/","title":{"rendered":"Povodom Dana nezavisnosti BiH: U Sarajevu podijeljeni kola\u010di u obliku ljiljana"},"content":{"rendered":"\n<p>Povodom Dana nezavisnosti Bosne i Hercegovine, ispred sarajevske Katedrale podijeljene su stotine kola\u010da u obliku ljiljana, javlja Anadolu Agency (AA).<\/p>\n\n\n\n<p>Nihad Ali\u010dkovi\u0107, osniva\u010d Pokreta &#8220;AntiDayton&#8221;, organizatora obilje\u017eavanja Dana nezavisnosti BiH na ovaj na\u010din, izjavio je za AA da posljednjih godina na simboli\u010dan na\u010din obilje\u017eavaju datume va\u017ene u historiji BiH.<\/p>\n\n\n\n<p>&#8220;Danas smo tu da obilje\u017eimo jedan od historijskih datuma na\u0161e domovine. Prvi mart, Dan nezavisnosti, definitivno je jedan od najbitnijih i najzna\u010dajnijih datuma na\u0161e zemlje. Svaki put poku\u0161avamo na poseban na\u010din da to uradimo. Ovaj put smo donijeli 300 kola\u010da u obliku ljiljana&#8221;, pojasnio je Ali\u010dkovi\u0107.<\/p>\n\n\n\n<p>Kola\u010de su podijelili gra\u0111anima i na taj na\u010din svima \u017eele \u010destitati Dan nezavisnosti BiH.<\/p>\n\n\n\n<p>Na dana\u0161nji dan progla\u0161ena je nezavisnost BiH nakon \u0161to su tu odluku donijeli njeni gra\u0111ani putem referenduma. Tada je ve\u0107ina gra\u0111ana odlu\u010dila da se zemlja odvoji se od tada\u0161nje Socijalisti\u010dke Federativne Republike Jugoslavije (SFRJ) i postane nezavisna.<\/p>\n\n\n\n<p>Referendumsko pitanje glasilo je: Jeste li za suverenu i nezavisnu Bosnu i Hercegovinu, dr\u017eavu ravnopravnih gra\u0111ana, naroda BiH &#8211; Muslimana, Srba, Hrvata i pripadnika drugih naroda koji u njoj \u017eive?<\/p>\n\n\n\n<p>Referendum je odr\u017ean 29. februara i 1. marta, a za nezavisnost je glasalo 2.073.568 glasa\u010da. Od ukupnog broja onih koji su se odazvali na referendum &#8211; 99,7 posto bilo je za nezavisnost, a 0,3 posto protiv. Mjesec dana nakon referenduma uslijedila je agresija na Bosnu i Hercegovinu.<\/p>\n","protected":false},"excerpt":{"rendered":"<p>Povodom Dana nezavisnosti Bosne i Hercegovine, ispred sarajevske Katedrale podijeljene su stotine kola\u010da u obliku ljiljana, javlja Anadolu Agency (AA). Nihad Ali\u010dkovi\u0107, osniva\u010d Pokreta &#8220;AntiDayton&#8221;, organizatora obilje\u017eavanja Dana nezavisnosti BiH na ovaj na\u010din, izjavio je za AA da posljednjih godina na simboli\u010dan na\u010din obilje\u017eavaju datume va\u017ene u historiji BiH. &#8220;Danas smo tu da obilje\u017eimo jedan [&hellip;]<\/p>\n","protected":false},"author":59,"featured_media":24420,"comment_status":"closed","ping_status":"closed","sticky":false,"template":"","format":"standard","meta":{"inline_featured_image":false,"footnotes":""},"categories":[38],"tags":[],"class_list":{"0":"post-24419","1":"post","2":"type-post","3":"status-publish","4":"format-standard","5":"has-post-thumbnail","7":"category-vijesti-iz-bih"},"acf":[],"_links":{"self":[{"href":"https:\/\/tvsensor.com\/api\/wp\/v2\/posts\/24419","targetHints":{"allow":["GET"]}}],"collection":[{"href":"https:\/\/tvsensor.com\/api\/wp\/v2\/posts"}],"about":[{"href":"https:\/\/tvsensor.com\/api\/wp\/v2\/types\/post"}],"author":[{"embeddable":true,"href":"https:\/\/tvsensor.com\/api\/wp\/v2\/users\/59"}],"replies":[{"embeddable":true,"href":"https:\/\/tvsensor.com\/api\/wp\/v2\/comments?post=24419"}],"version-history":[{"count":1,"href":"https:\/\/tvsensor.com\/api\/wp\/v2\/posts\/24419\/revisions"}],"predecessor-version":[{"id":24421,"href":"https:\/\/tvsensor.com\/api\/wp\/v2\/posts\/24419\/revisions\/24421"}],"wp:featuredmedia":[{"embeddable":true,"href":"https:\/\/tvsensor.com\/api\/wp\/v2\/media\/24420"}],"wp:attachment":[{"href":"https:\/\/tvsensor.com\/api\/wp\/v2\/media?parent=24419"}],"wp:term":[{"taxonomy":"category","embeddable":true,"href":"https:\/\/tvsensor.com\/api\/wp\/v2\/categories?post=24419"},{"taxonomy":"post_tag","embeddable":true,"href":"https:\/\/tvsensor.com\/api\/wp\/v2\/tags?post=24419"}],"curies":[{"name":"wp","href":"https:\/\/api.w.org\/{rel}","templated":true}]}}