{"id":24413,"date":"2021-03-01T14:00:56","date_gmt":"2021-03-01T13:00:56","guid":{"rendered":"https:\/\/senzor.ba\/?p=24413"},"modified":"2024-01-15T21:39:52","modified_gmt":"2024-01-15T20:39:52","slug":"drzavna-zastava-na-nebu-iznad-bascarsije","status":"publish","type":"post","link":"https:\/\/tvsensor.com\/clanak\/drzavna-zastava-na-nebu-iznad-bascarsije\/","title":{"rendered":"Dr\u017eavna zastava na nebu iznad Ba\u0161\u010dar\u0161ije"},"content":{"rendered":"\n<p>U sklopu vi\u0161ednevne programske akcije &#8220;Zastave na prozore&#8221;, koju povodom Dana nezavisnosti provodi Radio BIR, danas je iznad sarajevske Ba\u0161\u010dar\u0161ije ta\u010dno u podne podignuta zastava Bosne i Hercegovine, prenosi Anadolu Agency (AA).<\/p>\n\n\n\n<p>Uz podnevski ezan s Gazi Husrev-begove d\u017eamije, Sarajlije koji sun\u010dani prazni\u010dni dan provode u \u0161etnji, svjedo\u010dili su neobi\u010dnom prizoru. Zastava Bosne i Hercegovine pri\u010dvr\u0161\u0107ena za dron poletjela je s krova Gazi Husrev-begove biblioteke.<\/p>\n\n\n\n<p>Iako ograni\u010den vjetrovitim vremenom, ovaj performans privukao je pa\u017enju na dru\u0161tvenim mre\u017eama i reakciju odu\u0161evljenja brojnih gra\u0111ana u zemlji i dijaspori.<\/p>\n\n\n\n<p>Zastava na nebu iznad Ba\u0161\u010dar\u0161ije dio je programske akcije Radija BIR &#8220;Zastave na prozore&#8221;, koja je svojevrsni poziv koji je ovaj radio uputio svojoj publici, sa \u017eeljom da u danima obilje\u017eavanja velikog praznika Bosne i Hercegovine njihovi slu\u0161aoci u domovini i dijaspori masovno istaknu dr\u017eavno obilje\u017eje.<\/p>\n\n\n\n<p>Stotine fotografija s istaknutim dr\u017eavnim simbolima pristigle su u redakciju.<\/p>\n\n\n\n<p>Specijalni program u povodu obilje\u017eavanja Dana nezavisnosti Bosne i Hercegovine Radio BIR emituje jutros od sedam sati.<\/p>\n\n\n\n<p>astava Bosne i Hercegovine pri\u010dvr\u0161\u0107ena za dron poletjela je s krova Gazi Husrev-begove biblioteke.<\/p>\n\n\n\n<p>Zastava na nebu iznad Ba\u0161\u010dar\u0161ije dio je programske akcije Radija BIR \u201cZastave na prozore\u201d, koja je svojevrsni poziv koji je Radio BIR uputio svojoj publici, sa \u017eeljom da u danima obilje\u017eavanja velikog praznika Bosne i Hercegovine njihovi slu\u0161aoci u domovini i dijaspori masovno istaknu dr\u017eavno obilje\u017eje.<\/p>\n\n\n\n<p>Specijalni program u povodu obilje\u017eavanja Dana nezavisnosti Bosne i Hercegovine Radio BIR emituje jutros od 7.00 sati, javlja MINA.<\/p>\n","protected":false},"excerpt":{"rendered":"<p>U sklopu vi\u0161ednevne programske akcije &#8220;Zastave na prozore&#8221;, koju povodom Dana nezavisnosti provodi Radio BIR, danas je iznad sarajevske Ba\u0161\u010dar\u0161ije ta\u010dno u podne podignuta zastava Bosne i Hercegovine, prenosi Anadolu Agency (AA). Uz podnevski ezan s Gazi Husrev-begove d\u017eamije, Sarajlije koji sun\u010dani prazni\u010dni dan provode u \u0161etnji, svjedo\u010dili su neobi\u010dnom prizoru. Zastava Bosne i Hercegovine [&hellip;]<\/p>\n","protected":false},"author":59,"featured_media":24416,"comment_status":"closed","ping_status":"closed","sticky":false,"template":"","format":"standard","meta":{"inline_featured_image":false,"footnotes":""},"categories":[68],"tags":[],"class_list":{"0":"post-24413","1":"post","2":"type-post","3":"status-publish","4":"format-standard","5":"has-post-thumbnail","7":"category-ljepote-bih"},"acf":[],"_links":{"self":[{"href":"https:\/\/tvsensor.com\/api\/wp\/v2\/posts\/24413","targetHints":{"allow":["GET"]}}],"collection":[{"href":"https:\/\/tvsensor.com\/api\/wp\/v2\/posts"}],"about":[{"href":"https:\/\/tvsensor.com\/api\/wp\/v2\/types\/post"}],"author":[{"embeddable":true,"href":"https:\/\/tvsensor.com\/api\/wp\/v2\/users\/59"}],"replies":[{"embeddable":true,"href":"https:\/\/tvsensor.com\/api\/wp\/v2\/comments?post=24413"}],"version-history":[{"count":3,"href":"https:\/\/tvsensor.com\/api\/wp\/v2\/posts\/24413\/revisions"}],"predecessor-version":[{"id":24418,"href":"https:\/\/tvsensor.com\/api\/wp\/v2\/posts\/24413\/revisions\/24418"}],"wp:featuredmedia":[{"embeddable":true,"href":"https:\/\/tvsensor.com\/api\/wp\/v2\/media\/24416"}],"wp:attachment":[{"href":"https:\/\/tvsensor.com\/api\/wp\/v2\/media?parent=24413"}],"wp:term":[{"taxonomy":"category","embeddable":true,"href":"https:\/\/tvsensor.com\/api\/wp\/v2\/categories?post=24413"},{"taxonomy":"post_tag","embeddable":true,"href":"https:\/\/tvsensor.com\/api\/wp\/v2\/tags?post=24413"}],"curies":[{"name":"wp","href":"https:\/\/api.w.org\/{rel}","templated":true}]}}