{"id":24399,"date":"2021-03-01T12:35:50","date_gmt":"2021-03-01T11:35:50","guid":{"rendered":"https:\/\/senzor.ba\/?p=24399"},"modified":"2024-01-15T21:39:53","modified_gmt":"2024-01-15T20:39:53","slug":"obiljezen-1-mart-dan-nezavisnosti-bih","status":"publish","type":"post","link":"https:\/\/tvsensor.com\/clanak\/obiljezen-1-mart-dan-nezavisnosti-bih\/","title":{"rendered":"Obilje\u017een 1. mart\u00a0 Dan nezavisnosti BiH"},"content":{"rendered":"\n<p>Na\u010delnik Op\u0107ine Ilid\u017ea, Nermin Muzur i predstavnici Op\u0107inskog vije\u0107a Ilid\u017ea, predvo\u0111eni predsjedavaju\u0107im Tarikom Stamboli\u0107em, povodom obilje\u017eavanja 1. marta &#8211; Dana nezavisnosti Bosne i Hercegovine, odali su po\u010dast \u0161ehidima i poginulim borcima polaganjem cvije\u0107a na centralnom spomen-obilje\u017eju Ilid\u017ea i na spomeniku borcima NOR-a (spomen Kosturnica). <\/p>\n\n\n\n<p>\u201eOvom prilikom jo\u0161 jednom upu\u0107ujemo \u010destitke gra\u0111anima povodom jednog od najzna\u010dajnijih datuma u historiji savremene Bsone i Hercegovine. Podsje\u0107amo da je obaveza svih nas \u010duvati sje\u0107anje na one koji su dali svoj \u017eivot za nezavisnosti Bosne i Hercegovine i da je na\u0161a du\u017enost nastaviti graditi bolju, ljep\u0161u i prosperitetniju Bosnu i Hercegovinu\u201c, kazali su na\u010delnik Muzur i predsjedavaju\u0107i Stamboli\u0107. Obilje\u017eavanju su prisustvovali predstavnici politi\u010dkih partija, udru\u017eenja i organizacija sa podru\u010dja ove op\u0107ine.<\/p>\n","protected":false},"excerpt":{"rendered":"<p>Na\u010delnik Op\u0107ine Ilid\u017ea, Nermin Muzur i predstavnici Op\u0107inskog vije\u0107a Ilid\u017ea, predvo\u0111eni predsjedavaju\u0107im Tarikom Stamboli\u0107em, povodom obilje\u017eavanja 1. marta &#8211; Dana nezavisnosti Bosne i Hercegovine, odali su po\u010dast \u0161ehidima i poginulim borcima polaganjem cvije\u0107a na centralnom spomen-obilje\u017eju Ilid\u017ea i na spomeniku borcima NOR-a (spomen Kosturnica). \u201eOvom prilikom jo\u0161 jednom upu\u0107ujemo \u010destitke gra\u0111anima povodom jednog od najzna\u010dajnijih [&hellip;]<\/p>\n","protected":false},"author":59,"featured_media":24400,"comment_status":"closed","ping_status":"closed","sticky":false,"template":"","format":"standard","meta":{"inline_featured_image":false,"footnotes":""},"categories":[38],"tags":[],"class_list":{"0":"post-24399","1":"post","2":"type-post","3":"status-publish","4":"format-standard","5":"has-post-thumbnail","7":"category-vijesti-iz-bih"},"acf":[],"_links":{"self":[{"href":"https:\/\/tvsensor.com\/api\/wp\/v2\/posts\/24399","targetHints":{"allow":["GET"]}}],"collection":[{"href":"https:\/\/tvsensor.com\/api\/wp\/v2\/posts"}],"about":[{"href":"https:\/\/tvsensor.com\/api\/wp\/v2\/types\/post"}],"author":[{"embeddable":true,"href":"https:\/\/tvsensor.com\/api\/wp\/v2\/users\/59"}],"replies":[{"embeddable":true,"href":"https:\/\/tvsensor.com\/api\/wp\/v2\/comments?post=24399"}],"version-history":[{"count":1,"href":"https:\/\/tvsensor.com\/api\/wp\/v2\/posts\/24399\/revisions"}],"predecessor-version":[{"id":24401,"href":"https:\/\/tvsensor.com\/api\/wp\/v2\/posts\/24399\/revisions\/24401"}],"wp:featuredmedia":[{"embeddable":true,"href":"https:\/\/tvsensor.com\/api\/wp\/v2\/media\/24400"}],"wp:attachment":[{"href":"https:\/\/tvsensor.com\/api\/wp\/v2\/media?parent=24399"}],"wp:term":[{"taxonomy":"category","embeddable":true,"href":"https:\/\/tvsensor.com\/api\/wp\/v2\/categories?post=24399"},{"taxonomy":"post_tag","embeddable":true,"href":"https:\/\/tvsensor.com\/api\/wp\/v2\/tags?post=24399"}],"curies":[{"name":"wp","href":"https:\/\/api.w.org\/{rel}","templated":true}]}}