{"id":24393,"date":"2021-03-01T10:50:23","date_gmt":"2021-03-01T09:50:23","guid":{"rendered":"https:\/\/senzor.ba\/?p=24393"},"modified":"2024-01-15T21:39:53","modified_gmt":"2024-01-15T20:39:53","slug":"dan-nezavisnosti-bih-polozeno-cvijece-na-sehidskom-mezarju-kovaci-i-na-spomen-obiljezju-vjecna-vatra","status":"publish","type":"post","link":"https:\/\/tvsensor.com\/clanak\/dan-nezavisnosti-bih-polozeno-cvijece-na-sehidskom-mezarju-kovaci-i-na-spomen-obiljezju-vjecna-vatra\/","title":{"rendered":"Dan nezavisnosti BiH: Polo\u017eeno cvije\u0107e na \u0160ehidskom mezarju Kova\u010di i na spomen-obilje\u017eju Vje\u010dna vatra"},"content":{"rendered":"\n<p>Delegacije svih nivoa vlasti danas su u\u010denjem Fatihe i polaganjem cvije\u0107a na \u0160ehidskom mezarju Kova\u010di u Sarajevu, povodom 1. marta, Dana nezavisnosti Bosne i Hercegovine, odale po\u010dast \u0161ehidima i prvom predsjedniku RBiH Aliji Izetbegovi\u0107u, javlja Anadolu Agency (AA).<\/p>\n\n\n\n<p>Me\u0111u prisutnima su bili i \u010dlanovi Predsjedni\u0161tva Bosne i Hercegovine \u017deljko Kom\u0161i\u0107 i \u0160efik D\u017eaferovi\u0107.<\/p>\n\n\n\n<p>Delegacije svih nivoa vlasti danas su u\u010denjem Fatihe i polaganjem cvije\u0107a na \u0160ehidskom mezarju Kova\u010di u Sarajevu odale po\u010dast \u0161ehidima i prvom predsjedniku RBiH Aliji Izetbegovi\u0107u. Delegacije su polo\u017eile cvije\u0107e i na spomen-obilje\u017eje Vje\u010dna vatra.<\/p>\n\n\n\n<p>&#8220;Svi znamo koliko je tada trebalo hrabrosti, \u010dak i mudrosti da se takva vrsta odluke donese. Prilike u \u017eivotu ljudi kao \u0161to je ta, i u \u017eivotu jedne zemlje kao \u0161to je bila ta prilika 1. marta 1992., de\u0161avaju se jednom u historiji. Dobijate svoju dr\u017eavu, nezavisnost. Trebalo je imati hrabrosti i mudrosti i krenuti tim putem. Skupo smo to platili&#8221;, podsjetio je Kom\u0161i\u0107.<\/p>\n\n\n\n<p>Smatra da su &#8220;Kova\u010di samo jedan dio te cijene koju smo platili u cijeloj BiH da bi dobili i stekli svoju nezavisnost&#8221;.<\/p>\n\n\n\n<p>&#8220;Danas dr\u017eavu treba ponovo, mo\u017eda je te\u0161ka rije\u010d, &#8216;braniti&#8217; ali treba je graditi. Jer jedna vrsta nazovimo je unutra\u0161nje agresije, sad te\u010de kroz institucije dr\u017eave \u0161to je apsurd na prvi pogled. Me\u0111utim, oni koji znaju okolnosti u BiH nisu time iznena\u0111eni. To opet govori da svi oni ratni planovi i sve ono protiv \u010dega smo se borili, zbog \u010dega smo platili tako skupu cijenu, ljudskim \u017eivotima, u te\u0161kom razaranju, raseljenim i protjeranim ljudima, genocidu, da te politike jo\u0161 nisu odustale od svojih planova od prije 30 i 40 godina&#8221;, pojasnio je Kom\u0161i\u0107.<\/p>\n\n\n\n<p>Kako je kazao, sada treba biti mudar i hrabar.<\/p>\n\n\n\n<p>Kom\u0161i\u0107 je rekao da &#8220;i dalje ide te\u0161ka bitka da se ova zemlja sa\u010duva kao multietni\u010dka zemlja, zemlja jednakih ljudi&#8221;.<\/p>\n\n\n\n<p>&#8220;Da se uvede u NATO i EU, ta bitka i dalje ide&#8221;, izjavio je Kom\u0161i\u0107.<\/p>\n\n\n\n<p>Komentari\u0161u\u0107i \u0161ta je to dr\u017eavni nivo uradio da mlade generacije ne idu iz BiH, Kom\u0161i\u0107 je kazao da su probali ovu zemlju &#8220;gurnuti ka NATO-u i uspjeli su&#8221;.<\/p>\n\n\n\n<p>&#8220;Mislim da je NATO vrlo bitan. Poku\u0161avamo sada otko\u010diti i ovu pri\u010du oko evropskih integracija i to te\u0161ko ide&#8221;, dodao je Kom\u0161i\u0107.<\/p>\n\n\n\n<p>Na dana\u0161nji dan progla\u0161ena je nezavisnost BiH nakon \u0161to su tu odluku donijeli njeni gra\u0111ani putem referenduma. Tada je ve\u0107ina gra\u0111ana odlu\u010dila da se zemlja odvoji se od tada\u0161nje Socijalisti\u010dke Federativne Republike Jugoslavije (SFRJ) i postane nezavisna.<\/p>\n\n\n\n<p>Referendumsko pitanje glasilo je: Jeste li za suverenu i nezavisnu Bosnu i Hercegovinu, dr\u017eavu ravnopravnih gra\u0111ana, naroda BiH &#8211; Muslimana, Srba, Hrvata i pripadnika drugih naroda koji u njoj \u017eive?<\/p>\n\n\n\n<p>Referendum je odr\u017ean 29. februara i 1. marta, a za nezavisnost je glasalo 2.073.568 glasa\u010da. Od ukupnog broja onih koji su se odazvali na referendum &#8211; 99,7 posto bilo je za nezavisnost, a 0,3 posto protiv. Mjesec dana nakon referenduma uslijedila je agresija na Bosnu i Hercegovinu.<\/p>\n","protected":false},"excerpt":{"rendered":"<p>Delegacije svih nivoa vlasti danas su u\u010denjem Fatihe i polaganjem cvije\u0107a na \u0160ehidskom mezarju Kova\u010di u Sarajevu, povodom 1. marta, Dana nezavisnosti Bosne i Hercegovine, odale po\u010dast \u0161ehidima i prvom predsjedniku RBiH Aliji Izetbegovi\u0107u, javlja Anadolu Agency (AA). Me\u0111u prisutnima su bili i \u010dlanovi Predsjedni\u0161tva Bosne i Hercegovine \u017deljko Kom\u0161i\u0107 i \u0160efik D\u017eaferovi\u0107. Delegacije svih [&hellip;]<\/p>\n","protected":false},"author":59,"featured_media":24394,"comment_status":"closed","ping_status":"closed","sticky":false,"template":"","format":"standard","meta":{"inline_featured_image":false,"footnotes":""},"categories":[38],"tags":[],"class_list":{"0":"post-24393","1":"post","2":"type-post","3":"status-publish","4":"format-standard","5":"has-post-thumbnail","7":"category-vijesti-iz-bih"},"acf":[],"_links":{"self":[{"href":"https:\/\/tvsensor.com\/api\/wp\/v2\/posts\/24393","targetHints":{"allow":["GET"]}}],"collection":[{"href":"https:\/\/tvsensor.com\/api\/wp\/v2\/posts"}],"about":[{"href":"https:\/\/tvsensor.com\/api\/wp\/v2\/types\/post"}],"author":[{"embeddable":true,"href":"https:\/\/tvsensor.com\/api\/wp\/v2\/users\/59"}],"replies":[{"embeddable":true,"href":"https:\/\/tvsensor.com\/api\/wp\/v2\/comments?post=24393"}],"version-history":[{"count":1,"href":"https:\/\/tvsensor.com\/api\/wp\/v2\/posts\/24393\/revisions"}],"predecessor-version":[{"id":24395,"href":"https:\/\/tvsensor.com\/api\/wp\/v2\/posts\/24393\/revisions\/24395"}],"wp:featuredmedia":[{"embeddable":true,"href":"https:\/\/tvsensor.com\/api\/wp\/v2\/media\/24394"}],"wp:attachment":[{"href":"https:\/\/tvsensor.com\/api\/wp\/v2\/media?parent=24393"}],"wp:term":[{"taxonomy":"category","embeddable":true,"href":"https:\/\/tvsensor.com\/api\/wp\/v2\/categories?post=24393"},{"taxonomy":"post_tag","embeddable":true,"href":"https:\/\/tvsensor.com\/api\/wp\/v2\/tags?post=24393"}],"curies":[{"name":"wp","href":"https:\/\/api.w.org\/{rel}","templated":true}]}}