{"id":24390,"date":"2021-03-01T10:46:07","date_gmt":"2021-03-01T09:46:07","guid":{"rendered":"https:\/\/senzor.ba\/?p=24390"},"modified":"2024-01-15T21:39:53","modified_gmt":"2024-01-15T20:39:53","slug":"emotivna-poruka-djecaka-iz-londona-koji-vole-bih","status":"publish","type":"post","link":"https:\/\/tvsensor.com\/clanak\/emotivna-poruka-djecaka-iz-londona-koji-vole-bih\/","title":{"rendered":"Emotivna poruka dje\u010daka iz Londona koji vole BiH"},"content":{"rendered":"\n<figure class=\"wp-block-embed is-type-video is-provider-youtube wp-block-embed-youtube wp-embed-aspect-16-9 wp-has-aspect-ratio\"><div class=\"wp-block-embed__wrapper\">\n<iframe loading=\"lazy\" title=\"PORUKA DVOJICE DJE\u010cAKA IZ LONDONA KOJI VOLE BOSNU I HERCEGOVINU\" width=\"696\" height=\"392\" src=\"https:\/\/www.youtube.com\/embed\/HkJD6WhYTOQ?feature=oembed\" frameborder=\"0\" allow=\"accelerometer; autoplay; clipboard-write; encrypted-media; gyroscope; picture-in-picture\" allowfullscreen><\/iframe>\n<\/div><\/figure>\n\n\n\n<p>Na\u0161a domovina slavi Dan nezavisnosti, a Prvi mart se smatra jednim od najzna\u010dajnijih datuma u modernoj historiji BiH jer je tada vi\u0161e od milenija staroj dr\u017eavi BiH vra\u0107ena nezavisnost i me\u0111unarodni subjektivitet, a nakon raspada Jugoslavije.<\/p>\n\n\n\n<p>Bosnu i Hercegovinu vole i dvojica preslatkih dje\u010daka koje \u0107ete vidjeti u videu koji objavljujemo.<\/p>\n","protected":false},"excerpt":{"rendered":"<p>Na\u0161a domovina slavi Dan nezavisnosti, a Prvi mart se smatra jednim od najzna\u010dajnijih datuma u modernoj historiji BiH jer je tada vi\u0161e od milenija staroj dr\u017eavi BiH vra\u0107ena nezavisnost i me\u0111unarodni subjektivitet, a nakon raspada Jugoslavije. Bosnu i Hercegovinu vole i dvojica preslatkih dje\u010daka koje \u0107ete vidjeti u videu koji objavljujemo.<\/p>\n","protected":false},"author":59,"featured_media":24391,"comment_status":"closed","ping_status":"closed","sticky":false,"template":"","format":"video","meta":{"inline_featured_image":false,"footnotes":""},"categories":[72,1192],"tags":[],"class_list":{"0":"post-24390","1":"post","2":"type-post","3":"status-publish","4":"format-video","5":"has-post-thumbnail","7":"category-video-galerija","8":"category-vijesti-video-galerija","9":"post_format-post-format-video"},"acf":[],"_links":{"self":[{"href":"https:\/\/tvsensor.com\/api\/wp\/v2\/posts\/24390","targetHints":{"allow":["GET"]}}],"collection":[{"href":"https:\/\/tvsensor.com\/api\/wp\/v2\/posts"}],"about":[{"href":"https:\/\/tvsensor.com\/api\/wp\/v2\/types\/post"}],"author":[{"embeddable":true,"href":"https:\/\/tvsensor.com\/api\/wp\/v2\/users\/59"}],"replies":[{"embeddable":true,"href":"https:\/\/tvsensor.com\/api\/wp\/v2\/comments?post=24390"}],"version-history":[{"count":2,"href":"https:\/\/tvsensor.com\/api\/wp\/v2\/posts\/24390\/revisions"}],"predecessor-version":[{"id":27968,"href":"https:\/\/tvsensor.com\/api\/wp\/v2\/posts\/24390\/revisions\/27968"}],"wp:featuredmedia":[{"embeddable":true,"href":"https:\/\/tvsensor.com\/api\/wp\/v2\/media\/24391"}],"wp:attachment":[{"href":"https:\/\/tvsensor.com\/api\/wp\/v2\/media?parent=24390"}],"wp:term":[{"taxonomy":"category","embeddable":true,"href":"https:\/\/tvsensor.com\/api\/wp\/v2\/categories?post=24390"},{"taxonomy":"post_tag","embeddable":true,"href":"https:\/\/tvsensor.com\/api\/wp\/v2\/tags?post=24390"}],"curies":[{"name":"wp","href":"https:\/\/api.w.org\/{rel}","templated":true}]}}