{"id":24381,"date":"2021-03-01T10:07:04","date_gmt":"2021-03-01T09:07:04","guid":{"rendered":"https:\/\/senzor.ba\/?p=24381"},"modified":"2024-01-15T21:39:53","modified_gmt":"2024-01-15T20:39:53","slug":"na-dan-nezavisnosti-bih-sarajevu-se-vratio-jos-jedan-simbol-kultni-vidikovac","status":"publish","type":"post","link":"https:\/\/tvsensor.com\/clanak\/na-dan-nezavisnosti-bih-sarajevu-se-vratio-jos-jedan-simbol-kultni-vidikovac\/","title":{"rendered":"Na Dan nezavisnosti BiH: Sarajevu se vratio jo\u0161 jedan simbol, kultni Vidikovac"},"content":{"rendered":"\n<figure class=\"wp-block-embed is-type-video is-provider-youtube wp-block-embed-youtube wp-embed-aspect-16-9 wp-has-aspect-ratio\"><div class=\"wp-block-embed__wrapper\">\n<iframe loading=\"lazy\" title=\"Grad Sarajevo - Vidikovac\" width=\"696\" height=\"392\" src=\"https:\/\/www.youtube.com\/embed\/4NoBIcFO-s4?feature=oembed\" frameborder=\"0\" allow=\"accelerometer; autoplay; clipboard-write; encrypted-media; gyroscope; picture-in-picture\" allowfullscreen><\/iframe>\n<\/div><\/figure>\n\n\n\n<p>Simboli\u010dno, na Dan nezavisnosti, historijski va\u017ean datum za Bosnu i Hercegovinu i njen glavni grad, sa Trebevi\u0107a, mjesta koje je jedan od simbola odbrane Sarajeva, predstavljen je novi kapitalni projekat koji ostaje nasljedstvo svim gra\u0111anima, saop\u0107eno je danas iz Gradske uprave Grada Sarajeva, prenosi Anadolu Agency (AA).<\/p>\n\n\n\n<p>&#8220;Najbolji na\u010din obilje\u017eavanja Dana nezavisnosti je vidljiv dokaz vrijednog i predanog rada, ostvarenih rezultata aktuelne vlasti, obnavljanje simbola bh. prijestolnice. Na\u0161 izraz po\u0161tovanja prema jedinoj domovini Bosni i Hercegovini je da revitaliziramo simbole glavnog grada i ula\u017eemo u razvojne projekte koji su gradili i dalje grade sami sebe&#8221;, istaknuto je u saop\u0107enju.<\/p>\n\n\n\n<p>Kako je saop\u0107eno, Sarajevo je dobilo jedno od najljep\u0161ih i najreprezentativnijih savremenih arhitektonskih zdanja, kultni Vidikovac.<\/p>\n\n\n\n<p>Svi gra\u0111evinski radovi su zavr\u0161eni, a rije\u010d je o kompleksnom objektu sa razli\u010ditim sadr\u017eajima za sve generacije, raspore\u0111enim na ukupno tri eta\u017ee kojim dominira monumentalno spiralno stepeni\u0161te.<\/p>\n\n\n\n<p>&#8220;Novoizgra\u0111eni Vidikovac mo\u017ee parirati bilo kojem svjetskom kompleksu, a ostat \u0107e prepoznatljiv po svom prostranom i prohodnom ravnom krovu, dostupnom svim budu\u0107im posjetiocima. Osim zatvorenih sadr\u017eaja, kreirana je javna povr\u0161ina pogodna i za razli\u010dita kulturna de\u0161avanja, mini koncerte, knji\u017eevne ve\u010deri i izlo\u017ebe. Kao \u0161to je to bilo sa revitaliziranom Trebevi\u0107kom \u017ei\u010darom, nema nikakve dileme da \u0107e i Vidikovac dokazati da je u potpunosti opravdano ulaganje&#8221;, navedeno je u saop\u0107enju.<\/p>\n","protected":false},"excerpt":{"rendered":"<p>Simboli\u010dno, na Dan nezavisnosti, historijski va\u017ean datum za Bosnu i Hercegovinu i njen glavni grad, sa Trebevi\u0107a, mjesta koje je jedan od simbola odbrane Sarajeva, predstavljen je novi kapitalni projekat koji ostaje nasljedstvo svim gra\u0111anima, saop\u0107eno je danas iz Gradske uprave Grada Sarajeva, prenosi Anadolu Agency (AA). &#8220;Najbolji na\u010din obilje\u017eavanja Dana nezavisnosti je vidljiv dokaz [&hellip;]<\/p>\n","protected":false},"author":59,"featured_media":24382,"comment_status":"closed","ping_status":"closed","sticky":false,"template":"","format":"video","meta":{"inline_featured_image":false,"footnotes":""},"categories":[68,69],"tags":[],"class_list":{"0":"post-24381","1":"post","2":"type-post","3":"status-publish","4":"format-video","5":"has-post-thumbnail","7":"category-ljepote-bih","8":"category-ponos-bih","9":"post_format-post-format-video"},"acf":[],"_links":{"self":[{"href":"https:\/\/tvsensor.com\/api\/wp\/v2\/posts\/24381","targetHints":{"allow":["GET"]}}],"collection":[{"href":"https:\/\/tvsensor.com\/api\/wp\/v2\/posts"}],"about":[{"href":"https:\/\/tvsensor.com\/api\/wp\/v2\/types\/post"}],"author":[{"embeddable":true,"href":"https:\/\/tvsensor.com\/api\/wp\/v2\/users\/59"}],"replies":[{"embeddable":true,"href":"https:\/\/tvsensor.com\/api\/wp\/v2\/comments?post=24381"}],"version-history":[{"count":3,"href":"https:\/\/tvsensor.com\/api\/wp\/v2\/posts\/24381\/revisions"}],"predecessor-version":[{"id":24385,"href":"https:\/\/tvsensor.com\/api\/wp\/v2\/posts\/24381\/revisions\/24385"}],"wp:featuredmedia":[{"embeddable":true,"href":"https:\/\/tvsensor.com\/api\/wp\/v2\/media\/24382"}],"wp:attachment":[{"href":"https:\/\/tvsensor.com\/api\/wp\/v2\/media?parent=24381"}],"wp:term":[{"taxonomy":"category","embeddable":true,"href":"https:\/\/tvsensor.com\/api\/wp\/v2\/categories?post=24381"},{"taxonomy":"post_tag","embeddable":true,"href":"https:\/\/tvsensor.com\/api\/wp\/v2\/tags?post=24381"}],"curies":[{"name":"wp","href":"https:\/\/api.w.org\/{rel}","templated":true}]}}