{"id":24378,"date":"2021-03-01T09:59:52","date_gmt":"2021-03-01T08:59:52","guid":{"rendered":"https:\/\/senzor.ba\/?p=24378"},"modified":"2024-01-15T21:39:53","modified_gmt":"2024-01-15T20:39:53","slug":"komsic-poslije-transkripata-genocida-nista-vise-nece-biti-isto","status":"publish","type":"post","link":"https:\/\/tvsensor.com\/clanak\/komsic-poslije-transkripata-genocida-nista-vise-nece-biti-isto\/","title":{"rendered":"Kom\u0161i\u0107: Poslije \u201cTranskripata genocida\u201d ni\u0161ta vi\u0161e ne\u0107e biti isto"},"content":{"rendered":"\n<p>Povodom nalaza istra\u017eiva\u010dkog projekta Memorijalnog centra Srebrenica \u201eGenocide Papers \/ Transkripti genocida\u201c koji su razotkrili \u0161okantne detalje rasprava i odluka tzv. Skup\u0161tine srpskog naroda u BiH, kasnije Narodne skup\u0161tine RS, u periodu od 1991. do 1996. godine, oglasio se \u010dlan Predsjedni\u0161tva BiH \u017deljko Kom\u0161i\u0107.<\/p>\n\n\n\n<p>\u201cMoram da priznam da sam zgro\u017een detaljima diskusija tzv. Skup\u0161tine srpskog naroda u BiH iz perioda od 1991. do 1996. godine koje u posljednjem istra\u017eivanju donosi Memorijalni centar. To su, vi\u0161e manje, javni podaci i informacije koje mo\u017eete prona\u0107i, ali nikada na ovaj na\u010din nisu bile prikupljene, istra\u017eene i prema javnosti iznesene kao \u0161to je to u radio tim Memorijalnog centra Srebrenica. Od izjave Ratka Mladi\u0107a iz maja 1992. godine o tome da plan politi\u010dkog rukovodstva RS-a jasno kvalificira kao genocid, preko detalja o ulozi Beogradu u logisti\u010dkoj i ideolo\u0161koj podr\u0161ci RS-u, preko definiranih \u2018strate\u0161kih ciljeva srpskog naroda u BiH, do segregacije i dehumanizacije Bo\u0161njaka i Hrvata, i kona\u010dno, pune podr\u0161ke genocidnim operacijama u Srebrenici i \u017depi, sve upu\u0107uje na to da je Narodna skup\u0161tina RS bila jedan od alata genocida, ali i oblikovanja govora mr\u017enje prema nesrbima\u201c,\u00a0poru\u010dio je \u010dlan Predsjedni\u0161tva BiH \u017deljko Kom\u0161i\u0107.<\/p>\n\n\n\n<figure class=\"wp-block-embed is-type-wp-embed is-provider-senzor wp-block-embed-senzor\"><div class=\"wp-block-embed__wrapper\">\n<blockquote class=\"wp-embedded-content\" data-secret=\"TWUC3agrzI\"><a href=\"https:\/\/tvsensor.com\/transkripti-genocida-karadzic-je-naglasavao-da-se-ne-kaje-zbog-srebrenice\/\">&#8220;Transkripti genocida&#8221;: Karad\u017ei\u0107 je nagla\u0161avao da se ne kaje zbog Srebrenice<\/a><\/blockquote><iframe loading=\"lazy\" class=\"wp-embedded-content\" sandbox=\"allow-scripts\" security=\"restricted\" style=\"position: absolute; clip: rect(1px, 1px, 1px, 1px);\" title=\"&#8220;&#8220;Transkripti genocida&#8221;: Karad\u017ei\u0107 je nagla\u0161avao da se ne kaje zbog Srebrenice&#8221; &#8212; TVSensor\" src=\"https:\/\/tvsensor.com\/transkripti-genocida-karadzic-je-naglasavao-da-se-ne-kaje-zbog-srebrenice\/embed\/#?secret=rJAZ92fvKK#?secret=TWUC3agrzI\" data-secret=\"TWUC3agrzI\" width=\"600\" height=\"338\" frameborder=\"0\" marginwidth=\"0\" marginheight=\"0\" scrolling=\"no\"><\/iframe>\n<\/div><\/figure>\n\n\n\n<p>\u201cMe\u0111unarodni krivi\u010dni sud za biv\u0161u Jugoslaviju je uvijek istra\u017eivao komandnu i individualnu odgovornost. S druge strane, nije u\u010dinio ono \u0161to je u\u010dinjeno u Nirnber\u0161kom procesu \u2013 nije utvrdio postojanje zlo\u010dina\u010dkih organizacija \u2013 gdje vas je \u010dlanstvo u nekoj organizaciji po automatizmu \u010dinilo krivim\u201d, napomenuo je Kom\u0161i\u0107.<\/p>\n\n\n\n<p>\u201cUpravo je to izostalo u slu\u010daju Narodne skup\u0161tine RS-a, \u010diji su \u010dlanovi svojim \u2018rukama\u2019 bili podr\u0161ka genocidu, koji su donijeli zakone i odluke koje su bile smjernica politikama i djelovanju Radovanu Karad\u017ei\u0107u i Ratku Mladi\u0107u. U svjetlu ovih informacija i podataka, potrebno je da se okupimo i jasno odredimo o: 1) nametanju zakona o zabrani negiranja genocida, 2) zakonu koji \u0107e omogu\u0107iti poseban status jedinice lokalne samouprave Srebrenica, 3) ponuditi zakonski okvir o lustraciji kojim \u0107e onemogu\u0107iti onima koji su u\u010destvovali u dono\u0161enju odluka o kr\u0161enju ljudskih prava, genocidu i ratnim zlo\u010dinima da obna\u0161aju javne funkcije\u201d,&nbsp;poru\u010dio je \u010dlan Predsjedni\u0161tva BiH.<\/p>\n\n\n\n<p>\u201cNe o\u010dekujem da takve stvari budu usvojene u trenutnom na\u010dinu kako se donose odluke u BiH, ali o\u010dekujem da me\u0111unarodna zajednica napravi barem tih nekoliko koraka, nametne rje\u0161enja i ispravi, barem u toj mjeri, nepravdu u\u010dinjenu \u010dinjenicom da je jednom ovakvom tijelu \u2013 kakvo je tzv. Skup\u0161tina srpskog naroda u BiH prakti\u010dno dozvoljeno da, \u017eivi svoj pravni kontinuitet u legalnom poretku dr\u017eave Bosne i Hercegovine\u201c,\u00a0zaklju\u010dio je Kom\u0161i\u0107.<\/p>\n","protected":false},"excerpt":{"rendered":"<p>Povodom nalaza istra\u017eiva\u010dkog projekta Memorijalnog centra Srebrenica \u201eGenocide Papers \/ Transkripti genocida\u201c koji su razotkrili \u0161okantne detalje rasprava i odluka tzv. Skup\u0161tine srpskog naroda u BiH, kasnije Narodne skup\u0161tine RS, u periodu od 1991. do 1996. godine, oglasio se \u010dlan Predsjedni\u0161tva BiH \u017deljko Kom\u0161i\u0107. \u201cMoram da priznam da sam zgro\u017een detaljima diskusija tzv. Skup\u0161tine srpskog [&hellip;]<\/p>\n","protected":false},"author":59,"featured_media":24379,"comment_status":"closed","ping_status":"closed","sticky":false,"template":"","format":"standard","meta":{"inline_featured_image":false,"footnotes":""},"categories":[38],"tags":[],"class_list":{"0":"post-24378","1":"post","2":"type-post","3":"status-publish","4":"format-standard","5":"has-post-thumbnail","7":"category-vijesti-iz-bih"},"acf":[],"_links":{"self":[{"href":"https:\/\/tvsensor.com\/api\/wp\/v2\/posts\/24378","targetHints":{"allow":["GET"]}}],"collection":[{"href":"https:\/\/tvsensor.com\/api\/wp\/v2\/posts"}],"about":[{"href":"https:\/\/tvsensor.com\/api\/wp\/v2\/types\/post"}],"author":[{"embeddable":true,"href":"https:\/\/tvsensor.com\/api\/wp\/v2\/users\/59"}],"replies":[{"embeddable":true,"href":"https:\/\/tvsensor.com\/api\/wp\/v2\/comments?post=24378"}],"version-history":[{"count":1,"href":"https:\/\/tvsensor.com\/api\/wp\/v2\/posts\/24378\/revisions"}],"predecessor-version":[{"id":24380,"href":"https:\/\/tvsensor.com\/api\/wp\/v2\/posts\/24378\/revisions\/24380"}],"wp:featuredmedia":[{"embeddable":true,"href":"https:\/\/tvsensor.com\/api\/wp\/v2\/media\/24379"}],"wp:attachment":[{"href":"https:\/\/tvsensor.com\/api\/wp\/v2\/media?parent=24378"}],"wp:term":[{"taxonomy":"category","embeddable":true,"href":"https:\/\/tvsensor.com\/api\/wp\/v2\/categories?post=24378"},{"taxonomy":"post_tag","embeddable":true,"href":"https:\/\/tvsensor.com\/api\/wp\/v2\/tags?post=24378"}],"curies":[{"name":"wp","href":"https:\/\/api.w.org\/{rel}","templated":true}]}}