{"id":24372,"date":"2021-03-01T09:36:40","date_gmt":"2021-03-01T08:36:40","guid":{"rendered":"https:\/\/senzor.ba\/?p=24372"},"modified":"2024-01-15T21:39:54","modified_gmt":"2024-01-15T20:39:54","slug":"dzeko-na-svoj-nacin-cestitao-dan-nezavisnosti-pozelio-sam-te-bosno-i-hercegovino","status":"publish","type":"post","link":"https:\/\/tvsensor.com\/clanak\/dzeko-na-svoj-nacin-cestitao-dan-nezavisnosti-pozelio-sam-te-bosno-i-hercegovino\/","title":{"rendered":"D\u017eeko na svoj na\u010din \u010destitao Dan nezavisnosti: Po\u017eelio sam te Bosno i Hercegovino!"},"content":{"rendered":"\n<p>Kapiten nogometne reprezentacije BiH\u00a0<strong>Edin D\u017eeko<\/strong>\u00a0na svoj na\u010din \u010destitao je Dan nezavisnosti na\u0161e dr\u017eave.<\/p>\n\n\n\n<p>Njegovu objavu prenosimo u cijelosti.<\/p>\n\n\n\n<p>&#8220;Prije dvije godine, na dana\u0161nji datum, napisao sam:<\/p>\n\n\n\n<p>&#8216;<strong>Ko nije bio u Bosni i Hercegovini, ne zna koliko se ova na\u0161a zemlja mo\u017ee voljeti<\/strong>.<br>Ko nije na\u0161im ulicama hodao, sa na\u0161im ljudima pri\u010dao, sa njima se sva\u0111ao, grlio i ljubio, slu\u0161ao nase \u0161ale, taj kao da nije ni \u017eivio.<\/p>\n\n\n\n<p>Rasuti smo po cijelom svijetu i svima onima, koji nisu bili u BiH, mi sportisti, poku\u0161avamo prenijeti \u0161ta je to inat,&nbsp;<strong>\u0161ta je to tvrda glava bosanska, \u0161ta je to ponos, \u0161ta je to ljubav<\/strong>&nbsp;i za\u0161to na\u0161u zemlju toliko volimo.<\/p>\n\n\n\n<p>Nije BiH savr\u0161ena, ali je meni najljep\u0161a i sretan sam \u0161to sam odgojen da volim sve ljude na ovom svijetu i sto imam(o) priliku svijetu pokazati koliko nama zna\u010di na\u0161a zemlja. Volim \u0161to sam ro\u0111en ba\u0161 kao Bosanac i Hercegovac.<\/p>\n\n\n\n<p>Zato, sretan nam Dan nezavisnosti, jedne i jedine nam Bosne i Hercegovine!<\/p>\n\n\n\n<p>I danas mislim sve isto, ali uz mali dodatak:<\/p>\n\n\n\n<p><strong>Po\u017eelio sam te Bosno i Hercegovino i jedva \u010dekam da te moje o\u010di opet vide i da ulicama svoga grada pro\u0161etam&#8221;<\/strong>, napisao je D\u017eeko.<\/p>\n\n\n\n<html>\n  <title>My Website<\/title>\n<body>\n  <script async defer src=\"https:\/\/connect.facebook.net\/en_US\/sdk.js#xfbml=1&#038;version=v3.2\"><\/script>  \n  <div class=\"fb-post\" \n      data-href=\"https:\/\/www.facebook.com\/edindzeko\/posts\/288794715935543\/\"\n      data-width=\"500\"><\/div>\n<\/body>\n<\/html>\n\n","protected":false},"excerpt":{"rendered":"<p>Kapiten nogometne reprezentacije BiH\u00a0Edin D\u017eeko\u00a0na svoj na\u010din \u010destitao je Dan nezavisnosti na\u0161e dr\u017eave. Njegovu objavu prenosimo u cijelosti. &#8220;Prije dvije godine, na dana\u0161nji datum, napisao sam: &#8216;Ko nije bio u Bosni i Hercegovini, ne zna koliko se ova na\u0161a zemlja mo\u017ee voljeti.Ko nije na\u0161im ulicama hodao, sa na\u0161im ljudima pri\u010dao, sa njima se sva\u0111ao, grlio [&hellip;]<\/p>\n","protected":false},"author":59,"featured_media":24373,"comment_status":"closed","ping_status":"closed","sticky":false,"template":"","format":"standard","meta":{"inline_featured_image":false,"footnotes":""},"categories":[69],"tags":[],"class_list":{"0":"post-24372","1":"post","2":"type-post","3":"status-publish","4":"format-standard","5":"has-post-thumbnail","7":"category-ponos-bih"},"acf":[],"_links":{"self":[{"href":"https:\/\/tvsensor.com\/api\/wp\/v2\/posts\/24372","targetHints":{"allow":["GET"]}}],"collection":[{"href":"https:\/\/tvsensor.com\/api\/wp\/v2\/posts"}],"about":[{"href":"https:\/\/tvsensor.com\/api\/wp\/v2\/types\/post"}],"author":[{"embeddable":true,"href":"https:\/\/tvsensor.com\/api\/wp\/v2\/users\/59"}],"replies":[{"embeddable":true,"href":"https:\/\/tvsensor.com\/api\/wp\/v2\/comments?post=24372"}],"version-history":[{"count":1,"href":"https:\/\/tvsensor.com\/api\/wp\/v2\/posts\/24372\/revisions"}],"predecessor-version":[{"id":24374,"href":"https:\/\/tvsensor.com\/api\/wp\/v2\/posts\/24372\/revisions\/24374"}],"wp:featuredmedia":[{"embeddable":true,"href":"https:\/\/tvsensor.com\/api\/wp\/v2\/media\/24373"}],"wp:attachment":[{"href":"https:\/\/tvsensor.com\/api\/wp\/v2\/media?parent=24372"}],"wp:term":[{"taxonomy":"category","embeddable":true,"href":"https:\/\/tvsensor.com\/api\/wp\/v2\/categories?post=24372"},{"taxonomy":"post_tag","embeddable":true,"href":"https:\/\/tvsensor.com\/api\/wp\/v2\/tags?post=24372"}],"curies":[{"name":"wp","href":"https:\/\/api.w.org\/{rel}","templated":true}]}}