{"id":24367,"date":"2021-03-01T09:23:16","date_gmt":"2021-03-01T08:23:16","guid":{"rendered":"https:\/\/senzor.ba\/?p=24367"},"modified":"2024-01-15T21:39:54","modified_gmt":"2024-01-15T20:39:54","slug":"jovan-divjak-porucio-dodiku-i-slicnima-ti-koji-nas-ne-vole-pa-to-je-njihov-izbor-neka-im-na-volju","status":"publish","type":"post","link":"https:\/\/tvsensor.com\/clanak\/jovan-divjak-porucio-dodiku-i-slicnima-ti-koji-nas-ne-vole-pa-to-je-njihov-izbor-neka-im-na-volju\/","title":{"rendered":"Jovan Divjak poru\u010dio Dodiku i sli\u010dnima: Ti koji nas ne vole, pa to je njihov izbor, neka im na volju"},"content":{"rendered":"\n<p><em style=\"font-weight: bold;\">One koji nas ne vole, negiraju dr\u017eavu, negiraju 1. mart, negiraju sve \u0161to ima veze s Bosnom i Hercegovinom, jednostavno moramo i trebamo ignorirati<\/em> &#8211; rije\u010di su Jovana Divjaka, penzionisanog generala Armije RBiH i izvr\u0161nog direktora Udru\u017eenja \u201eObrazovanje gradi BiH \u201c, povodom Dana nezavisnosti BiH.<\/p>\n\n\n\n<p><strong>Svi praznici<\/strong><\/p>\n\n\n\n<p>Divjak ka\u017ee da je 1. mart jedan od najzna\u010dajnijih datuma i odluka za BiH, a sve drugo je prolazno, pa i napadi iz susjedstva i Republike Srpske. Ka\u017ee nam da, prije svega, 1. mart \u017eeli \u010destitati ljudima u bijelom, Grani\u010dnoj policiji i onima koji \u201e\u010duvaju na\u0161e granice\u201c.A to \u0161ta ka\u017eu Beograd i Zagreb, mi suvi\u0161e obra\u0107amo pa\u017enju na to \u0161ta oni govore. Jer ja se kao gra\u0111anin BiH radujem svim na\u0161im praznicima \u2013 i 1. martu i 25. novembru, 27. julu. Radujem se Bosni od Kulina bana do kraljice Katarine, jer to je Bosna i Hercegovina. A oni koji je ne vole, to je njihova stvar \u2013 istakao je.<\/p>\n\n\n\n<p>Poru\u010duje da je Prvi mart dokaz postojanju jedne dr\u017eave, dr\u017eave svih njenih gra\u0111ana.Puno je nas koji volimo ovu dr\u017eavu, vi\u0161e od onih koji je ne vole. Tako da ti \u0161to je ne vole, neka im. Zato je mi volimo, ovakvu kakva jeste, jer je na\u0161a. Mi koji smo glasali 1. marta, koji smo bili za nezavisnu BiH, mi smo zadovoljni \u0161to \u017eivimo u onom dijelu zemlje gdje imamo jednaka prava, bez obzira na nacionalnost, religiju i obrazovanje. Prema tome, 1. mart je jedan od zna\u010dajnih datuma u hiljadugodi\u0161njoj historiji i svi treba da se radujemo ovom datumu \u2013 kazao je Divjak.<\/p>\n\n\n\n<p><strong>Prva dr\u017eava<\/strong><\/p>\n\n\n\n<p>Mi\u0161ljenja je da \u201eoni koji nas ne vole, imaju svoju pri\u010du i tako je godinama\u201c.Njihova djeca u\u010de jedno, na\u0161a drugo. Mi to znamo. Ali njihovi histori\u010dari\u2026 Pa, evo, Zagrep\u010danka Nada Kljai\u0107 ka\u017ee da je BiH prva dr\u017eava na Balkanu. O \u010demu onda govorimo? Za\u0161to da nas brinu sada nacionalisti? Uvijek ih je bilo. Mi se moramo okrenuti sebi, svojim ljudima \u2013 istakao je Divjak.<\/p>\n\n\n\n<p><strong>\u0160ta govori Milorad Dodik<\/strong><\/p>\n\n\n\n<p>Ono \u0161to je nedavno rekao Dodik za 1. mart, da nisu mediji prenijeli, ne bi se ni znalo, smatra Divjak.Mi moramo ignorirati one koji nas ignoriraju. Jer mi imamo svoje. Svoje dr\u017eavu, svoje ljude. Ti koji nas ne vole, pa to je njihov izbor. Neka im na volju \u2013 istakao je Divjak u intervjuu za \u201e<a href=\"https:\/\/avaz.ba\/vijesti\/bih\/634233\/jovan-divjak-za-avaz-puno-je-nas-koji-volimo-ovu-drzavu\">Dnevni avaz<\/a>\u201c.<\/p>\n","protected":false},"excerpt":{"rendered":"<p>One koji nas ne vole, negiraju dr\u017eavu, negiraju 1. mart, negiraju sve \u0161to ima veze s Bosnom i Hercegovinom, jednostavno moramo i trebamo ignorirati &#8211; rije\u010di su Jovana Divjaka, penzionisanog generala Armije RBiH i izvr\u0161nog direktora Udru\u017eenja \u201eObrazovanje gradi BiH \u201c, povodom Dana nezavisnosti BiH. Svi praznici Divjak ka\u017ee da je 1. mart jedan od [&hellip;]<\/p>\n","protected":false},"author":59,"featured_media":24370,"comment_status":"closed","ping_status":"closed","sticky":false,"template":"","format":"standard","meta":{"inline_featured_image":false,"footnotes":""},"categories":[69],"tags":[],"class_list":{"0":"post-24367","1":"post","2":"type-post","3":"status-publish","4":"format-standard","5":"has-post-thumbnail","7":"category-ponos-bih"},"acf":[],"_links":{"self":[{"href":"https:\/\/tvsensor.com\/api\/wp\/v2\/posts\/24367","targetHints":{"allow":["GET"]}}],"collection":[{"href":"https:\/\/tvsensor.com\/api\/wp\/v2\/posts"}],"about":[{"href":"https:\/\/tvsensor.com\/api\/wp\/v2\/types\/post"}],"author":[{"embeddable":true,"href":"https:\/\/tvsensor.com\/api\/wp\/v2\/users\/59"}],"replies":[{"embeddable":true,"href":"https:\/\/tvsensor.com\/api\/wp\/v2\/comments?post=24367"}],"version-history":[{"count":1,"href":"https:\/\/tvsensor.com\/api\/wp\/v2\/posts\/24367\/revisions"}],"predecessor-version":[{"id":24371,"href":"https:\/\/tvsensor.com\/api\/wp\/v2\/posts\/24367\/revisions\/24371"}],"wp:featuredmedia":[{"embeddable":true,"href":"https:\/\/tvsensor.com\/api\/wp\/v2\/media\/24370"}],"wp:attachment":[{"href":"https:\/\/tvsensor.com\/api\/wp\/v2\/media?parent=24367"}],"wp:term":[{"taxonomy":"category","embeddable":true,"href":"https:\/\/tvsensor.com\/api\/wp\/v2\/categories?post=24367"},{"taxonomy":"post_tag","embeddable":true,"href":"https:\/\/tvsensor.com\/api\/wp\/v2\/tags?post=24367"}],"curies":[{"name":"wp","href":"https:\/\/api.w.org\/{rel}","templated":true}]}}