{"id":24360,"date":"2021-03-01T08:53:42","date_gmt":"2021-03-01T07:53:42","guid":{"rendered":"https:\/\/senzor.ba\/?p=24360"},"modified":"2024-01-15T21:39:55","modified_gmt":"2024-01-15T20:39:55","slug":"turski-pilot-pozelio-sretan-dan-nezavisnosti-bih-na-original-nacin","status":"publish","type":"post","link":"https:\/\/tvsensor.com\/clanak\/turski-pilot-pozelio-sretan-dan-nezavisnosti-bih-na-original-nacin\/","title":{"rendered":"Turski pilot po\u017eelio sretan Dan nezavisnosti BiH na original na\u010din"},"content":{"rendered":"\n<figure class=\"wp-block-embed is-type-video is-provider-youtube wp-block-embed-youtube wp-embed-aspect-4-3 wp-has-aspect-ratio\"><div class=\"wp-block-embed__wrapper\">\n<iframe loading=\"lazy\" title=\"Turski pilot \u010destitao Dan nezavisnosti Bosne i Hercegovine!\" width=\"696\" height=\"522\" src=\"https:\/\/www.youtube.com\/embed\/8PGTdh0KWaA?feature=oembed\" frameborder=\"0\" allow=\"accelerometer; autoplay; clipboard-write; encrypted-media; gyroscope; picture-in-picture\" allowfullscreen><\/iframe>\n<\/div><\/figure>\n\n\n\n<p>U Bosni i Hercegovini danas se obilje\u017eava&nbsp;<strong>Dan nezavisnosti.<\/strong>&nbsp;\u010cestitke sti\u017eu sa svih strana, ali je najorginalnija ona od prije nekoliko godina od strane jednog&nbsp;<strong>turskog pilot<\/strong>a koji&nbsp;tokom leta gra\u0111anima Bosne i Hercegovine \u0161alje pisanu \u010destitku.<\/p>\n\n\n\n<p>Nakon \u0161to je pokazao poruku &#8220;<strong>Sretan Dan nezavisnosti, Bosna i Hercegovina<\/strong>&#8220;, pilot je pokazao i<strong>&nbsp;zastavu na\u0161e zemlje<\/strong>.&nbsp;Video je viralan svake godine kada se u Bosni i Hercegovini i dijaspori proslavlja 1. mart, Dan nezavisnosti.<\/p>\n","protected":false},"excerpt":{"rendered":"<p>U Bosni i Hercegovini danas se obilje\u017eava&nbsp;Dan nezavisnosti.&nbsp;\u010cestitke sti\u017eu sa svih strana, ali je najorginalnija ona od prije nekoliko godina od strane jednog&nbsp;turskog pilota koji&nbsp;tokom leta gra\u0111anima Bosne i Hercegovine \u0161alje pisanu \u010destitku. Nakon \u0161to je pokazao poruku &#8220;Sretan Dan nezavisnosti, Bosna i Hercegovina&#8220;, pilot je pokazao i&nbsp;zastavu na\u0161e zemlje.&nbsp;Video je viralan svake godine kada [&hellip;]<\/p>\n","protected":false},"author":59,"featured_media":24361,"comment_status":"closed","ping_status":"closed","sticky":false,"template":"","format":"video","meta":{"inline_featured_image":false,"footnotes":""},"categories":[72,1246,1244],"tags":[],"class_list":{"0":"post-24360","1":"post","2":"type-post","3":"status-publish","4":"format-video","5":"has-post-thumbnail","7":"category-video-galerija","8":"category-viralno","9":"category-zanimljivosti-video-galerija","10":"post_format-post-format-video"},"acf":[],"_links":{"self":[{"href":"https:\/\/tvsensor.com\/api\/wp\/v2\/posts\/24360","targetHints":{"allow":["GET"]}}],"collection":[{"href":"https:\/\/tvsensor.com\/api\/wp\/v2\/posts"}],"about":[{"href":"https:\/\/tvsensor.com\/api\/wp\/v2\/types\/post"}],"author":[{"embeddable":true,"href":"https:\/\/tvsensor.com\/api\/wp\/v2\/users\/59"}],"replies":[{"embeddable":true,"href":"https:\/\/tvsensor.com\/api\/wp\/v2\/comments?post=24360"}],"version-history":[{"count":2,"href":"https:\/\/tvsensor.com\/api\/wp\/v2\/posts\/24360\/revisions"}],"predecessor-version":[{"id":27971,"href":"https:\/\/tvsensor.com\/api\/wp\/v2\/posts\/24360\/revisions\/27971"}],"wp:featuredmedia":[{"embeddable":true,"href":"https:\/\/tvsensor.com\/api\/wp\/v2\/media\/24361"}],"wp:attachment":[{"href":"https:\/\/tvsensor.com\/api\/wp\/v2\/media?parent=24360"}],"wp:term":[{"taxonomy":"category","embeddable":true,"href":"https:\/\/tvsensor.com\/api\/wp\/v2\/categories?post=24360"},{"taxonomy":"post_tag","embeddable":true,"href":"https:\/\/tvsensor.com\/api\/wp\/v2\/tags?post=24360"}],"curies":[{"name":"wp","href":"https:\/\/api.w.org\/{rel}","templated":true}]}}