{"id":24271,"date":"2021-02-23T19:27:43","date_gmt":"2021-02-23T18:27:43","guid":{"rendered":"https:\/\/senzor.ba\/?p=24271"},"modified":"2024-01-15T21:39:58","modified_gmt":"2024-01-15T20:39:58","slug":"janez-jansa-optuzio-kuran-da-je-izazvao-vise-smrti-patnje-nego-druge-knjige","status":"publish","type":"post","link":"https:\/\/tvsensor.com\/clanak\/janez-jansa-optuzio-kuran-da-je-izazvao-vise-smrti-patnje-nego-druge-knjige\/","title":{"rendered":"Janez Jan\u0161a optu\u017eio Kur'an da je izazvao vi\u0161e smrti, patnje nego druge knjige"},"content":{"rendered":"\n<p>Slovenski premijer Janez Jan\u0161a izazvao je o\u0161tre reakcije muslimana nakon \u0161to je na svom Twitter nalogu podijelio\u00a0objavu koja sadr\u017ei klevete protiv Kur'ana.\u00a0<\/p>\n\n\n\n<p>Kritiziran u Sloveniji zbog pritiska na medije i slobode te poznat po svom o\u0161trom odnosu prema imigrantima, premijer Janez Jan\u0161a podijelio\u00a0je post o Karlu Marxu i\u00a0\u00a0&#8220;Komunisti\u010dki manifest&#8221;, Friedricha Engelsa, koji sadr\u017ei klevete protiv Kur'ana.<\/p>\n\n\n\n<figure class=\"wp-block-image size-large\"><img loading=\"lazy\" decoding=\"async\" width=\"683\" height=\"546\" src=\"https:\/\/tvsensor.com\/wp-content\/uploads\/2021\/02\/islamofobi-ni-postovi-janeza-jan-e-na-dru-tvenim-mre-ama-kur-an-optu-io-da-je-izazvao-vi-e-smrti-patnje-1614068579.jpg\" alt=\"\" class=\"wp-image-24272\" srcset=\"https:\/\/tvsensor.com\/wp-content\/uploads\/2021\/02\/islamofobi-ni-postovi-janeza-jan-e-na-dru-tvenim-mre-ama-kur-an-optu-io-da-je-izazvao-vi-e-smrti-patnje-1614068579.jpg 683w, https:\/\/tvsensor.com\/wp-content\/uploads\/2021\/02\/islamofobi-ni-postovi-janeza-jan-e-na-dru-tvenim-mre-ama-kur-an-optu-io-da-je-izazvao-vi-e-smrti-patnje-1614068579-150x120.jpg 150w, https:\/\/tvsensor.com\/wp-content\/uploads\/2021\/02\/islamofobi-ni-postovi-janeza-jan-e-na-dru-tvenim-mre-ama-kur-an-optu-io-da-je-izazvao-vi-e-smrti-patnje-1614068579-300x240.jpg 300w\" sizes=\"auto, (max-width: 683px) 100vw, 683px\" \/><\/figure>\n\n\n\n<p>Od 1. jula, 2021. godine, Slovenija \u0107e po drugi put predsjedavati Vije\u0107em Europske unije. Vije\u0107e je glavni donosilac odluka u EU te pregovara i donosi nove propise EU&nbsp;ili ih prema potrebi prilago\u0111ava.<\/p>\n\n\n\n<p>Slovenski premijer Janez Jan\u0161a&nbsp;je ju\u010der&nbsp;na svom zvani\u010dnom profilu podijelio post koji vrije\u0111a muslimane&nbsp;i time &#8220;podr\u017eao&#8221;&nbsp;mrzila\u010dku usporedbu Komunisti\u010dkog manifesta, a o kojoj se potom konstatira kako:<\/p>\n\n\n\n<p>&#8211; Nijedna druga knjiga, osim Kur\u2019ana, nije prouzrokovala vi\u0161e smrti, patnji, ugnjetavanja, osiroma\u0161enja i socijalne zaostalosti, navedeno je u postu.&nbsp;<\/p>\n\n\n\n<p>Osim \u0161to je populisti\u010dka la\u017e, njena promocija od strane Jan\u0161e je jasni fa\u0161isti\u010dki potez i uvreda svim muslimanima Evrope i svijeta.<\/p>\n\n\n\n<p>Janez Jan\u0161a, \u010delnik Slovenske demokratske stranke (SDS), nacionalisti\u010dke i desni\u010darske populisti\u010dke stranke, ranije je izazvao reakciju javnosti svojim netolerantnim\u00a0izjavama protiv muslimana, imigranata i homoseksualaca. Jan\u0161a, koji je, tako\u0111er, negirao holokaust, u januaru je u objavi na Twitteru tvrdio da bi islam trebao biti reformiran na humaniji na\u010din i tvrdio da problem nije radikalni islam, ve\u0107 sam islam.<\/p>\n\n\n\n<figure class=\"wp-block-image size-large\"><img loading=\"lazy\" decoding=\"async\" width=\"680\" height=\"476\" src=\"https:\/\/tvsensor.com\/wp-content\/uploads\/2021\/02\/islamofobi-ni-postovi-janeza-jan-e-na-dru-tvenim-mre-ama-kur-an-optu-io-da-je-izazvao-vi-e-smrti-patnje-1614068578.jpg\" alt=\"\" class=\"wp-image-24273\" srcset=\"https:\/\/tvsensor.com\/wp-content\/uploads\/2021\/02\/islamofobi-ni-postovi-janeza-jan-e-na-dru-tvenim-mre-ama-kur-an-optu-io-da-je-izazvao-vi-e-smrti-patnje-1614068578.jpg 680w, https:\/\/tvsensor.com\/wp-content\/uploads\/2021\/02\/islamofobi-ni-postovi-janeza-jan-e-na-dru-tvenim-mre-ama-kur-an-optu-io-da-je-izazvao-vi-e-smrti-patnje-1614068578-150x105.jpg 150w, https:\/\/tvsensor.com\/wp-content\/uploads\/2021\/02\/islamofobi-ni-postovi-janeza-jan-e-na-dru-tvenim-mre-ama-kur-an-optu-io-da-je-izazvao-vi-e-smrti-patnje-1614068578-300x210.jpg 300w, https:\/\/tvsensor.com\/wp-content\/uploads\/2021\/02\/islamofobi-ni-postovi-janeza-jan-e-na-dru-tvenim-mre-ama-kur-an-optu-io-da-je-izazvao-vi-e-smrti-patnje-1614068578-100x70.jpg 100w\" sizes=\"auto, (max-width: 680px) 100vw, 680px\" \/><\/figure>\n\n\n\n<p>Jan\u0161a, koji je bio premijer u periodu izme\u0111u 2012. i 2013. godine, a u junu 2014. godine osu\u0111en je na dvije godine zatvora zbog korupcije, u evropskoj \u0161tampi naziva se &#8220;slovena\u010dkim Trumpom&#8221;.<\/p>\n","protected":false},"excerpt":{"rendered":"<p>Slovenski premijer Janez Jan\u0161a izazvao je o\u0161tre reakcije muslimana nakon \u0161to je na svom Twitter nalogu podijelio\u00a0objavu koja sadr\u017ei klevete protiv Kur'ana.\u00a0 Kritiziran u Sloveniji zbog pritiska na medije i slobode te poznat po svom o\u0161trom odnosu prema imigrantima, premijer Janez Jan\u0161a podijelio\u00a0je post o Karlu Marxu i\u00a0\u00a0&#8220;Komunisti\u010dki manifest&#8221;, Friedricha Engelsa, koji sadr\u017ei klevete protiv [&hellip;]<\/p>\n","protected":false},"author":59,"featured_media":24274,"comment_status":"closed","ping_status":"closed","sticky":false,"template":"","format":"standard","meta":{"inline_featured_image":false,"footnotes":""},"categories":[40],"tags":[],"class_list":{"0":"post-24271","1":"post","2":"type-post","3":"status-publish","4":"format-standard","5":"has-post-thumbnail","7":"category-region"},"acf":[],"_links":{"self":[{"href":"https:\/\/tvsensor.com\/api\/wp\/v2\/posts\/24271","targetHints":{"allow":["GET"]}}],"collection":[{"href":"https:\/\/tvsensor.com\/api\/wp\/v2\/posts"}],"about":[{"href":"https:\/\/tvsensor.com\/api\/wp\/v2\/types\/post"}],"author":[{"embeddable":true,"href":"https:\/\/tvsensor.com\/api\/wp\/v2\/users\/59"}],"replies":[{"embeddable":true,"href":"https:\/\/tvsensor.com\/api\/wp\/v2\/comments?post=24271"}],"version-history":[{"count":1,"href":"https:\/\/tvsensor.com\/api\/wp\/v2\/posts\/24271\/revisions"}],"predecessor-version":[{"id":24275,"href":"https:\/\/tvsensor.com\/api\/wp\/v2\/posts\/24271\/revisions\/24275"}],"wp:featuredmedia":[{"embeddable":true,"href":"https:\/\/tvsensor.com\/api\/wp\/v2\/media\/24274"}],"wp:attachment":[{"href":"https:\/\/tvsensor.com\/api\/wp\/v2\/media?parent=24271"}],"wp:term":[{"taxonomy":"category","embeddable":true,"href":"https:\/\/tvsensor.com\/api\/wp\/v2\/categories?post=24271"},{"taxonomy":"post_tag","embeddable":true,"href":"https:\/\/tvsensor.com\/api\/wp\/v2\/tags?post=24271"}],"curies":[{"name":"wp","href":"https:\/\/api.w.org\/{rel}","templated":true}]}}