{"id":24267,"date":"2021-02-23T10:43:27","date_gmt":"2021-02-23T09:43:27","guid":{"rendered":"https:\/\/senzor.ba\/?p=24267"},"modified":"2024-01-15T21:39:59","modified_gmt":"2024-01-15T20:39:59","slug":"zrtve-genocida-u-srebrenici-podrzale-humanitarnu-akciju-za-bangui","status":"publish","type":"post","link":"https:\/\/tvsensor.com\/clanak\/zrtve-genocida-u-srebrenici-podrzale-humanitarnu-akciju-za-bangui\/","title":{"rendered":"\u017drtve genocida u Srebrenici podr\u017eale humanitarnu akciju za Bangui"},"content":{"rendered":"\n<p>Centralnoafri\u010dka Republika se ovih dana suo\u010dava sa eskalacijom sukoba izme\u0111u vladinih snaga sa sjedi\u0161tem u glavnom gradu Banguiju i pobunjenika. Vi\u0161e od 250.000 ljudi je raseljeno zbog borbi koje traju od decembra 2020. godine, navode iz Memorijalnog centra Srebrenica.<\/p>\n\n\n\n<p>Nakon svrgavanja predsjednika Francoisa Bozizea 2013. godine, zemlja se suo\u010dila sa gra\u0111anskim ratom izme\u0111u kr\u0161\u0107anskih i muslimanskih milicija. U 2014. godini Ujedinjene nacije su uspostavile misiju da zaustavi nasilje, a 2019. je izabrana demokratska Vlada koja je potpisala mirovne sporazume sa pobunjeni\u010dkim grupama. Me\u0111utim, nakon kratkog perioda nenasilja i obnove zemlje, Centralnoafri\u010dku Republiku su ponovno zahvatili sukobi.<\/p>\n\n\n\n<p>Nova koalicija pobunjenika, koja je okupila grupacije sa nekada dvije zara\u0107ene strane, preuzela je kontrolu nad rudnicima zlata i dijamanata, te je zauzela veliki dio zemlje, uz spremnost da zaustavi izbore u zemlji. Izbori su se ipak dogodili u decembru pro\u0161le godine, ali nasilje nije prestalo. Danas se glavni grad Bangui sa preko 900.000 stanovnika nalazi u potpunoj blokadi, bez pristupa hrani i lijekovima.<\/p>\n\n\n\n<p>Aegis Trust, organizacija koja se bavi prevencijom genocida i zlo\u010dinima protiv \u010dovje\u010dnosti, sa fokusom na Runadu i afri\u010dki kontinent, organizovala je akciju prikupljanja donacija za vazdu\u0161ni konvoj koji \u0107e hranu i lijekove dostaviti stanovnicima Banguija. Zahvaljuju\u0107i ranijem partnerstvu sa ovom organizacijom, Memorijalni centar Srebrenica se pridru\u017eio akciji prikupljanja sredstava, te su \u017ertve genocida i partneri Memorijalnog centra uzeli u\u010de\u0161\u0107e u prikupljanju donacija.<\/p>\n\n\n\n<p>\u201cIzra\u017eavamo veliku zahvalnost gra\u0111anima i gra\u0111ankama Bosne i Hercegovine te posebno Memorijalnom centru Srebrenica, koji je bio nosilac ove akcije u prikupljanju sredstava za dostavljanje hrane u Bangui. Zaista, va\u017eno je kada ovakva reakcija i podr\u0161ka dolazi od ljudi koji znaju \u0161ta zna\u010di \u017eivot pod opsadom i u strahu\u201c, kazao je James Smith, direktor Aegis Trusta.<\/p>\n\n\n\n<p>Freddy Mutanguha je pre\u017eivio genocid u Ruandi i danas radi sa organizacijama \u0161irom Afrike na prevenciji genocida i zlo\u010dina protiv \u010dovje\u010dnosti.<\/p>\n\n\n\n<p>\u201cOsje\u0107amo veliku zahvalnost Memorijalnom centru Srebrenica zbog svih aktivnosti koje rade na partnerstvima i saradnji \u0161irom svijeta. Zaista cijenimo podr\u0161ku svih ljudi iz Bosne koji nam se ovih dana javljaju i poma\u017eu humanitarnu akciju za Bangui\u201c, poru\u010dio je Mutanguha.<\/p>\n\n\n\n<p>Zbog velikog interesa javnosti iz BiH, u okviru online akcija prikupljanja sredstava otvorena je i posebna stranica za podr\u0161ku \u201cIz Srebrenice za Bangui\u201c:&nbsp;<a href=\"https:\/\/aegistrust.enthuse.com\/pf\/odsrebdobg\">https:\/\/aegistrust.enthuse.com\/pf\/odsrebdobg<\/a>.<\/p>\n\n\n\n<p>AA<\/p>\n","protected":false},"excerpt":{"rendered":"<p>Centralnoafri\u010dka Republika se ovih dana suo\u010dava sa eskalacijom sukoba izme\u0111u vladinih snaga sa sjedi\u0161tem u glavnom gradu Banguiju i pobunjenika. Vi\u0161e od 250.000 ljudi je raseljeno zbog borbi koje traju od decembra 2020. godine, navode iz Memorijalnog centra Srebrenica. Nakon svrgavanja predsjednika Francoisa Bozizea 2013. godine, zemlja se suo\u010dila sa gra\u0111anskim ratom izme\u0111u kr\u0161\u0107anskih i [&hellip;]<\/p>\n","protected":false},"author":7,"featured_media":24268,"comment_status":"closed","ping_status":"closed","sticky":false,"template":"","format":"standard","meta":{"inline_featured_image":false,"footnotes":""},"categories":[376,37,38],"tags":[],"class_list":{"0":"post-24267","1":"post","2":"type-post","3":"status-publish","4":"format-standard","5":"has-post-thumbnail","7":"category-featured","8":"category-vijesti","9":"category-vijesti-iz-bih"},"acf":[],"_links":{"self":[{"href":"https:\/\/tvsensor.com\/api\/wp\/v2\/posts\/24267","targetHints":{"allow":["GET"]}}],"collection":[{"href":"https:\/\/tvsensor.com\/api\/wp\/v2\/posts"}],"about":[{"href":"https:\/\/tvsensor.com\/api\/wp\/v2\/types\/post"}],"author":[{"embeddable":true,"href":"https:\/\/tvsensor.com\/api\/wp\/v2\/users\/7"}],"replies":[{"embeddable":true,"href":"https:\/\/tvsensor.com\/api\/wp\/v2\/comments?post=24267"}],"version-history":[{"count":1,"href":"https:\/\/tvsensor.com\/api\/wp\/v2\/posts\/24267\/revisions"}],"predecessor-version":[{"id":24269,"href":"https:\/\/tvsensor.com\/api\/wp\/v2\/posts\/24267\/revisions\/24269"}],"wp:featuredmedia":[{"embeddable":true,"href":"https:\/\/tvsensor.com\/api\/wp\/v2\/media\/24268"}],"wp:attachment":[{"href":"https:\/\/tvsensor.com\/api\/wp\/v2\/media?parent=24267"}],"wp:term":[{"taxonomy":"category","embeddable":true,"href":"https:\/\/tvsensor.com\/api\/wp\/v2\/categories?post=24267"},{"taxonomy":"post_tag","embeddable":true,"href":"https:\/\/tvsensor.com\/api\/wp\/v2\/tags?post=24267"}],"curies":[{"name":"wp","href":"https:\/\/api.w.org\/{rel}","templated":true}]}}