{"id":24261,"date":"2021-02-23T09:56:33","date_gmt":"2021-02-23T08:56:33","guid":{"rendered":"https:\/\/senzor.ba\/?p=24261"},"modified":"2024-01-15T21:39:59","modified_gmt":"2024-01-15T20:39:59","slug":"upuceno-otvoreno-pismo-zoranu-tegeltiji-ljudi-su-ljuti-i-osjecaju-se-izdanim","status":"publish","type":"post","link":"https:\/\/tvsensor.com\/clanak\/upuceno-otvoreno-pismo-zoranu-tegeltiji-ljudi-su-ljuti-i-osjecaju-se-izdanim\/","title":{"rendered":"Upu\u0107eno otvoreno pismo Zoranu Tegeltiji: Ljudi su ljuti i osje\u0107aju se izdanim!"},"content":{"rendered":"\n<p><strong>Zastupnik SDP-a u Parlamentu Bosne i Hercegovine Sa\u0161a Magazinovi\u0107 uputio je otvoreno pismo predsjedavaju\u0107em Vije\u0107a ministara Zoranu Tegeltiji.<\/strong><\/p>\n\n\n\n<p><strong>\u201cPo\u0161tovani gosp. Tegeltija, 21. januara ste zajedno sa dva entitetska premijera obe\u0107ali da kre\u0107ete u direktnu nabavku vakcina od proizvo\u0111a\u010da. Tada ste znali, kao i danas, da na\u0161i zakoni to ne dozvoljavaju i da se vakcine mogu kupiti samo preko posrednika, koji naravno uzimaju profit. Znali ste tada, a ipak ste obe\u0107ali. Niste u\u010dinili ni\u0161ta da se to promijeni, mada znate da je za direktnu nabavku neophodno izmjeniti Zakon o javnim nabavkama i Zakon o lijekovima i medicinskim sredstvima. Taj posao se mo\u017ee zavr\u0161iti za jedan dan zasjedanja domova dr\u017eavnog Parlamenta, a Va\u0161im saradnicima ne treba vi\u0161e od par sati da pripreme izmjene. Mislim da ste du\u017eni objasniti javnosti za\u0161to to niste u\u010dinili i za\u0161to to ne \u010dinite!\u201d,<\/strong>&nbsp;naveo je Magazinovi\u0107.<\/p>\n\n\n\n<p><strong>\u201cGospodine Tegeltija, Vi imate iskustva sa pravosu\u0111em pa sigurno znate da krivi\u010dno djelo mo\u017ee biti i kada ne uradite ne\u0161to \u0161to ste mogli u\u010diniti da sprije\u010dite posljedicu. U slu\u010daju pandemije posljedice su fatalne po mnoge. Vjerujem da ne \u017eelite da porodice bolesnih ili preminulih do\u0111u pred zgradu Vije\u0107a ministara da Vas pitaju za\u0161to nisu nabavljene vakcine dok je svuda u okru\u017eenju u toku masovna imunizacija. Ne znam da li ste svjesni da Va\u0161e ne\u010dinjenje mo\u017ee uzrokovati razli\u010dite posljedice, primarno po zdravlje ljudi, ali ne samo to. Umjesto da budete na usluzi svim nivoima vlasti za zajedni\u010dku nabavku po \u2018fabri\u010dkim cijenama\u2019 Vi (ne)svjesno pogodujete posrednicima prave\u0107i pritisak da se svako za sebe snalazi na tr\u017ei\u0161tu. Da li razumijete da je mogu\u0107e da neko, pa \u010dak i iz najbolje namjere, bude okrivljen da je takvom kupovinom o\u0161tetio bud\u017eet, kupio vakcine \u2018sumnjivog\u2019 porijekla, prekr\u0161io neki od zakona\u2026\u201d<\/strong>, naveo je.<\/p>\n\n\n\n<p>Kako je naveo u pismu, nije mu jasna \u201cpasivnost i tolika hrabrost da preuzmete odgovornost na sebe\u201d.<\/p>\n\n\n\n<p><strong>\u201cDa ostavimo sada po strani da Vam nije ba\u0161 ju\u010der javljeno ni za pandemiju ni za vakcine, molim Vas hitno mjenjajte zakone, pregovarajte sa proizvo\u0111a\u010dima, za\u0161titite bud\u017eetska sredstva, budite servis svim nivoima vlasti ili nam objasnite \u0161ta je Va\u0161a agenda. Ovo \u0161to Vi (ne)\u010dinite je opasno po gra\u0111ane Bosne i Hercegovine. Nadam se da razumijete! Pred virusom smo svi isti \u2013 ne \u0161tite od virusa ni zatamnjena auta, ni obezbje\u0111enje, nego vakcine. Ljudi su ljuti, osje\u0107aju se izdanim i zaboravljenim. Valjda ste, gospodine Tegeltija, na kraju dana i Vi samo \u010dovjek\u201d,<\/strong>\u00a0poru\u010dio je Magazinovi\u0107.<\/p>\n\n\n\n<p>N1<\/p>\n","protected":false},"excerpt":{"rendered":"<p>Zastupnik SDP-a u Parlamentu Bosne i Hercegovine Sa\u0161a Magazinovi\u0107 uputio je otvoreno pismo predsjedavaju\u0107em Vije\u0107a ministara Zoranu Tegeltiji. \u201cPo\u0161tovani gosp. Tegeltija, 21. januara ste zajedno sa dva entitetska premijera obe\u0107ali da kre\u0107ete u direktnu nabavku vakcina od proizvo\u0111a\u010da. Tada ste znali, kao i danas, da na\u0161i zakoni to ne dozvoljavaju i da se vakcine mogu [&hellip;]<\/p>\n","protected":false},"author":7,"featured_media":24262,"comment_status":"closed","ping_status":"closed","sticky":false,"template":"","format":"standard","meta":{"inline_featured_image":false,"footnotes":""},"categories":[376,234,37,38],"tags":[],"class_list":{"0":"post-24261","1":"post","2":"type-post","3":"status-publish","4":"format-standard","5":"has-post-thumbnail","7":"category-featured","8":"category-politika","9":"category-vijesti","10":"category-vijesti-iz-bih"},"acf":[],"_links":{"self":[{"href":"https:\/\/tvsensor.com\/api\/wp\/v2\/posts\/24261","targetHints":{"allow":["GET"]}}],"collection":[{"href":"https:\/\/tvsensor.com\/api\/wp\/v2\/posts"}],"about":[{"href":"https:\/\/tvsensor.com\/api\/wp\/v2\/types\/post"}],"author":[{"embeddable":true,"href":"https:\/\/tvsensor.com\/api\/wp\/v2\/users\/7"}],"replies":[{"embeddable":true,"href":"https:\/\/tvsensor.com\/api\/wp\/v2\/comments?post=24261"}],"version-history":[{"count":1,"href":"https:\/\/tvsensor.com\/api\/wp\/v2\/posts\/24261\/revisions"}],"predecessor-version":[{"id":24263,"href":"https:\/\/tvsensor.com\/api\/wp\/v2\/posts\/24261\/revisions\/24263"}],"wp:featuredmedia":[{"embeddable":true,"href":"https:\/\/tvsensor.com\/api\/wp\/v2\/media\/24262"}],"wp:attachment":[{"href":"https:\/\/tvsensor.com\/api\/wp\/v2\/media?parent=24261"}],"wp:term":[{"taxonomy":"category","embeddable":true,"href":"https:\/\/tvsensor.com\/api\/wp\/v2\/categories?post=24261"},{"taxonomy":"post_tag","embeddable":true,"href":"https:\/\/tvsensor.com\/api\/wp\/v2\/tags?post=24261"}],"curies":[{"name":"wp","href":"https:\/\/api.w.org\/{rel}","templated":true}]}}