{"id":24200,"date":"2021-02-21T09:20:49","date_gmt":"2021-02-21T08:20:49","guid":{"rendered":"https:\/\/senzor.ba\/?p=24200"},"modified":"2024-01-15T21:40:01","modified_gmt":"2024-01-15T20:40:01","slug":"u-sarajevu-predlazu-naziv-ulice-i-mosta-po-djordju-balasevicu","status":"publish","type":"post","link":"https:\/\/tvsensor.com\/clanak\/u-sarajevu-predlazu-naziv-ulice-i-mosta-po-djordju-balasevicu\/","title":{"rendered":"U Sarajevu predla\u017eu naziv ulice i mosta po \u0110or\u0111u Bala\u0161evi\u0107u"},"content":{"rendered":"\n<p>Zastupnici u Skup\u0161tini Kantona Sarajevo ve\u0107 su predlo\u017eili inicijative da se po velikom prijatelju Bosne i Hercegovine, \u0110or\u0111u Bala\u0161evi\u0107u, imenuju ulice ili mostovi.<\/p>\n\n\n\n<p>Klub zastupnika SBB-a u Skup\u0161tini Kantona Sarajevo za preimenovanje pje\u0161a\u010dkog \u201c\u017deljeznog mosta\u201d na Skenderiji u \u201cMost \u0110or\u0111a Bala\u0161evi\u0107a\u201d ili \u201cBala\u0161evi\u0107ev most\u201d. Na sli\u010dnom tragu je i zastupnik Elvis Vreto (NiP) koji je pokrenuo inicijativu da Sarajevo bude prvi grad koji \u0107e dodijeliti ulicu preminulom velikanu \u0110or\u0111u Bala\u0161evi\u0107u.<\/p>\n\n\n\n<p>Oni navode kako je \u0110or\u0111e Bala\u0161evi\u0107 bio, pored ostalog, i ambasador Sarajeva, pogotovo u najte\u017eim trenucima u historiji na\u0161ega grada.<\/p>\n\n\n\n<p>\u201cPored svega \u0161to je u\u010dinio za na\u0161 grad, posebno treba ista\u0107i koncert odr\u017ean u neposrednoj blizini \u2018\u017deljeznog mosta\u2019 na Skenderiji u februaru 1998. godine. Njegovo javno djelovanje, pjesme i koncerti u zemljama regiona, bili su u maniru izgradnje mostova me\u0111u ljudima i narodima. Koncerti u Sarajevu, Tuzli, Mostaru i drugim gradovima su nedvojbeni dokaz da je \u0110or\u0111e Bala\u0161evi\u0107 svim svojim bi\u0107em bio privr\u017een BiH i glavnom gradu na\u0161e dr\u017eave, \u010dime nas je zadu\u017eio u ljudskom i svakom drugom smislu. Stoga, pokre\u0107emo inicijativu za preimenovanje pomenutog mosta u naziv \u2018Most \u0110or\u0111a Bala\u0161evi\u0107a\u2019 ili \u2018Bala\u0161evi\u0107ev most\u2019, navode oni.<\/p>\n\n\n\n<p>Time \u0107emo jo\u0161 jednom dokazati da znamo, kao gra\u0111anie i kao narod, cijeniti prijatelje i sve ono \u0161to su za nas \u010dinili, smatraju u SBB-u.<\/p>\n\n\n\n<p>\u201cMost neupitno simbolizira Bala\u0161evi\u0107a, ali i Bala\u0161evi\u0107 sve mostove me\u0111u ljudima\u201d, zaklju\u010dili su oni.<\/p>\n\n\n\n<p>Vreto pak navodi kako kao predsjednik Komisije za obilje\u017eavanje, \u010duvanje i njegovanje historijskih doga\u0111aja i li\u010dnosti ovo \u0107u pitanje staviti na dnevni red ve\u0107 na narednoj sjednici komisije, zakazanoj za 23. februar te moli javnost da izrazi podr\u0161ku i predlo\u017ei lokacije koje bi odgovarale.<\/p>\n\n\n\n<p>\u201cHajde da to ide u jedan glas, od svih gra\u0111ana Sarajeva i da poka\u017eemo da postoje stvari koje nas ujedinjuju i da mi ne zaboravljamo one koji su nam bili prijatelji i u najte\u017eim vremenima. Sarajevo i \u0110ole to zaslu\u017euju, posebno njegova publika i ljudi koji su ga voljeli. Kada je do\u0161ao ovdje na prvi poslijeratni koncert, tek smo tad znali da ima nade u dijalog i stvarni mir. Bala\u0161evi\u0107 je donio taj osje\u0107aj mira , du\u017eni smo mu barem toliko, pa da se Ulica Ko\u0161evo ili neka druga koja bi pristajala, nazove prema njemu\u201d, poru\u010dio je zastupnik Vreto.<\/p>\n\n\n\n<p>pressmedia.ba<\/p>\n\n\n\n<p><\/p>\n","protected":false},"excerpt":{"rendered":"<p>Zastupnici u Skup\u0161tini Kantona Sarajevo ve\u0107 su predlo\u017eili inicijative da se po velikom prijatelju Bosne i Hercegovine, \u0110or\u0111u Bala\u0161evi\u0107u, imenuju ulice ili mostovi. Klub zastupnika SBB-a u Skup\u0161tini Kantona Sarajevo za preimenovanje pje\u0161a\u010dkog \u201c\u017deljeznog mosta\u201d na Skenderiji u \u201cMost \u0110or\u0111a Bala\u0161evi\u0107a\u201d ili \u201cBala\u0161evi\u0107ev most\u201d. Na sli\u010dnom tragu je i zastupnik Elvis Vreto (NiP) koji je [&hellip;]<\/p>\n","protected":false},"author":7,"featured_media":24201,"comment_status":"closed","ping_status":"closed","sticky":false,"template":"","format":"standard","meta":{"inline_featured_image":false,"footnotes":""},"categories":[376,37,38],"tags":[],"class_list":{"0":"post-24200","1":"post","2":"type-post","3":"status-publish","4":"format-standard","5":"has-post-thumbnail","7":"category-featured","8":"category-vijesti","9":"category-vijesti-iz-bih"},"acf":[],"_links":{"self":[{"href":"https:\/\/tvsensor.com\/api\/wp\/v2\/posts\/24200","targetHints":{"allow":["GET"]}}],"collection":[{"href":"https:\/\/tvsensor.com\/api\/wp\/v2\/posts"}],"about":[{"href":"https:\/\/tvsensor.com\/api\/wp\/v2\/types\/post"}],"author":[{"embeddable":true,"href":"https:\/\/tvsensor.com\/api\/wp\/v2\/users\/7"}],"replies":[{"embeddable":true,"href":"https:\/\/tvsensor.com\/api\/wp\/v2\/comments?post=24200"}],"version-history":[{"count":1,"href":"https:\/\/tvsensor.com\/api\/wp\/v2\/posts\/24200\/revisions"}],"predecessor-version":[{"id":24202,"href":"https:\/\/tvsensor.com\/api\/wp\/v2\/posts\/24200\/revisions\/24202"}],"wp:featuredmedia":[{"embeddable":true,"href":"https:\/\/tvsensor.com\/api\/wp\/v2\/media\/24201"}],"wp:attachment":[{"href":"https:\/\/tvsensor.com\/api\/wp\/v2\/media?parent=24200"}],"wp:term":[{"taxonomy":"category","embeddable":true,"href":"https:\/\/tvsensor.com\/api\/wp\/v2\/categories?post=24200"},{"taxonomy":"post_tag","embeddable":true,"href":"https:\/\/tvsensor.com\/api\/wp\/v2\/tags?post=24200"}],"curies":[{"name":"wp","href":"https:\/\/api.w.org\/{rel}","templated":true}]}}