{"id":24196,"date":"2021-02-21T09:00:29","date_gmt":"2021-02-21T08:00:29","guid":{"rendered":"https:\/\/senzor.ba\/?p=24196"},"modified":"2024-01-15T21:40:01","modified_gmt":"2024-01-15T20:40:01","slug":"novi-selektor-rukometasa-bih-ivica-obrvan-imenovan-za-trenera-zagreba","status":"publish","type":"post","link":"https:\/\/tvsensor.com\/clanak\/novi-selektor-rukometasa-bih-ivica-obrvan-imenovan-za-trenera-zagreba\/","title":{"rendered":"Novi selektor rukometa\u0161a BiH Ivica Obrvan imenovan za trenera Zagreba"},"content":{"rendered":"\n<p>Hrvatski stru\u010dnjak i novi selektor rukometne reprezentacije BiH Ivica Obrvan imenovan je za trenera Zagreba. On \u0107e na klupi popularnih Lavova zamijeniti Vladu \u0160olu koji je podnio ostavku, ali njegov anga\u017eman ne\u0107e ugroziti dolazak na klupu na\u0161e selekcije. Nakon upisanog jo\u0161 jednog poraza u EHF Ligi prvaka od danskog Aalborga, glavni trener Zagreba Vlado \u0160ola podnio je ostavku na svoju poziciju.<\/p>\n\n\n\n<p>Uz dvije pobjede u SEHA Gazprom ligi te osam poraza iz isto toliko utakmica u Ligi prvaka, uprava kluba je ostavku i prihvatila, a sada ve\u0107 biv\u0161i trener se na jutarnjem treningu oprostio od igra\u010da i stru\u010dnog \u0161taba.<\/p>\n\n\n\n<p>Na njegovo mjesto dolazi tre\u0107i glavni trener ove sezone Ivica Obrvan, potvr\u0111eno je iz redova hrvatskog prvaka.<\/p>\n\n\n\n<p>Igra\u010dka karijera Ivice Obrvana u dresu kluba kojem drugi put sjeda na klupu (2010. \u2013 2012.) je impresivna. Bio je \u010dlan generacije koja je osvojila oba naslova prvaka Evrope, jednom bila doprvak Evrope te jednom osvojila EHF Superkup.<\/p>\n\n\n\n<p>Uz ove me\u0111unarodne uspjehe upisana stoje i dva naslova prvaka biv\u0161e dr\u017eave te pet naslova prvaka i osvaja\u010da kupa Hrvatske. Trenersku karijeru je zapo\u010deo u Metkovi\u0107u s kojim je kao igra\u010d-trener osvojio hrvatski kup kao i EHF kup. Trenersku karijeru nastavlja u Agram Medve\u0161\u010daku, Gorenje Velenju i Zagrebu, dok je francuski Chambery doveo do polufinala EHF kupa.<\/p>\n\n\n\n<p>Selektor Sjeverne Makedonije je bio od 2013. do 2016., dok je tokom sedmice stigla informacija da \u0107e nakon otkaza Bilalu \u0160umanu preuzeti rukometnu reprezentaciju BiH.<\/p>\n\n\n\n<p>Obrvan je u izjavi za Klix.ba rekao da bi se po\u010detkom naredne sedmice trebao i zvani\u010dno realizovati dogovor sa Rukometnim savezom BiH, a njegov anga\u017eman na klupi Zagreba ne\u0107e ugroziti preuzimanje kormila na\u0161e selekcije i te pojedinosti su ve\u0107 rije\u0161ene.<\/p>\n\n\n\n<p>U me\u0111uvremenu, raspored pred novim trenerom Zagreba je gust. Te\u0161ko gostovanje u Nantesu, dolazak Veszprema te put u \u0160abac u svega \u0161est dana idu\u0107e sedmice.<\/p>\n\n\n\n<p>Obrvan \u0107e debi na klupi rukometne reprezentacije BiH imati 14. marta kada na\u0161a selekcija u kvalifikacijama za Evropsko prvenstvo do\u010dekuje Austriju.<\/p>\n\n\n\n<p>Nakon tri odigrana kola na\u0161a selekcija nalazi se na tre\u0107em mjestu grupe 2 sa jednom pobjedom i dva poraza. Upravo \u0107e utakmice s Austrijom biti klju\u010dne za plasmana na Evropsko prvenstvo.<\/p>\n\n\n\n<p>(Klix)<\/p>\n","protected":false},"excerpt":{"rendered":"<p>Hrvatski stru\u010dnjak i novi selektor rukometne reprezentacije BiH Ivica Obrvan imenovan je za trenera Zagreba. On \u0107e na klupi popularnih Lavova zamijeniti Vladu \u0160olu koji je podnio ostavku, ali njegov anga\u017eman ne\u0107e ugroziti dolazak na klupu na\u0161e selekcije. Nakon upisanog jo\u0161 jednog poraza u EHF Ligi prvaka od danskog Aalborga, glavni trener Zagreba Vlado \u0160ola [&hellip;]<\/p>\n","protected":false},"author":7,"featured_media":24197,"comment_status":"closed","ping_status":"closed","sticky":false,"template":"","format":"standard","meta":{"inline_featured_image":false,"footnotes":""},"categories":[235,61],"tags":[],"class_list":{"0":"post-24196","1":"post","2":"type-post","3":"status-publish","4":"format-standard","5":"has-post-thumbnail","7":"category-rukomet","8":"category-sport"},"acf":[],"_links":{"self":[{"href":"https:\/\/tvsensor.com\/api\/wp\/v2\/posts\/24196","targetHints":{"allow":["GET"]}}],"collection":[{"href":"https:\/\/tvsensor.com\/api\/wp\/v2\/posts"}],"about":[{"href":"https:\/\/tvsensor.com\/api\/wp\/v2\/types\/post"}],"author":[{"embeddable":true,"href":"https:\/\/tvsensor.com\/api\/wp\/v2\/users\/7"}],"replies":[{"embeddable":true,"href":"https:\/\/tvsensor.com\/api\/wp\/v2\/comments?post=24196"}],"version-history":[{"count":2,"href":"https:\/\/tvsensor.com\/api\/wp\/v2\/posts\/24196\/revisions"}],"predecessor-version":[{"id":24199,"href":"https:\/\/tvsensor.com\/api\/wp\/v2\/posts\/24196\/revisions\/24199"}],"wp:featuredmedia":[{"embeddable":true,"href":"https:\/\/tvsensor.com\/api\/wp\/v2\/media\/24197"}],"wp:attachment":[{"href":"https:\/\/tvsensor.com\/api\/wp\/v2\/media?parent=24196"}],"wp:term":[{"taxonomy":"category","embeddable":true,"href":"https:\/\/tvsensor.com\/api\/wp\/v2\/categories?post=24196"},{"taxonomy":"post_tag","embeddable":true,"href":"https:\/\/tvsensor.com\/api\/wp\/v2\/tags?post=24196"}],"curies":[{"name":"wp","href":"https:\/\/api.w.org\/{rel}","templated":true}]}}