{"id":24190,"date":"2021-02-21T08:42:03","date_gmt":"2021-02-21T07:42:03","guid":{"rendered":"https:\/\/senzor.ba\/?p=24190"},"modified":"2024-01-15T21:40:02","modified_gmt":"2024-01-15T20:40:02","slug":"nedim-sladic-najavio-neobicnu-meteorolosku-pojavu","status":"publish","type":"post","link":"https:\/\/tvsensor.com\/clanak\/nedim-sladic-najavio-neobicnu-meteorolosku-pojavu\/","title":{"rendered":"Nedim Sladi\u0107 najavio neobi\u010dnu meteorolo\u0161ku pojavu"},"content":{"rendered":"\n<p><strong>Po\u010detkom idu\u0107e sedmice sa prednje strane ciklone koja \u0107e se premje\u0161tati preko Pirinejskog poluostrva prema Magrebu \u0107e u izra\u017eenom ju\u017enom i jugozapadnom visinskom strujanju povla\u010diti velike koli\u010dine saharskog pijeska prema centralnoj Europi, naro\u010dito na podru\u010dje Francuske, Njema\u010dke, \u0160vicarske i dalje ka Skandinaviji, zbog \u010dega \u0107e ova podru\u010dja imati prili\u010dno zamu\u0107eno nebo, \u010desto u nijansama narand\u017easte i crvenkaste boje, naveo je u prognozi Nedim Sladi\u0107, meteorolog FACE-a TV<\/strong><\/p>\n\n\n\n<p>Kako je napisao Sladi\u0107, posljedi\u010dno bismo mogli narednih dana ponovo \u010ditati tekstove i gledati slike lokalnih medija kako je nad Alpama saharski pijesak doslovno stvorio prizore pustinjskog neba usljed zasi\u0107enja aerosolom, a snijeg bi opet poprimio crvenkastu boju kao po\u010detkom februara 2021. godine.<\/p>\n\n\n\n<p>Kakvo nas vrijeme o\u010dekuje danas?<\/p>\n\n\n\n<p><strong>\u201dS druge strane, stabilne su vremenske prilike i natprosje\u010dno tople za ovo doba godine nad ve\u0107im dijelom kontinenta idu\u0107e sedmice, kako \u0107e se visinski greben smjestiti nad centralnom Europom, a pod utjecajem anticiklone na ni\u017eim slojevima atmosfere, u sjeveroisto\u010dnom visinskom strujanju od sredine idu\u0107e sedmice pristizat \u0107e i prema na\u0161im podru\u010djima manje koli\u010dine saharskog pijeska koji \u0107e se gurati sa sjevera prema jugu, a iz dana u dan sve \u0107e vi\u0161e biti primjetniji i nad bosanskohercegova\u010dkim nebom, naro\u010dito od sredine sedmice koji \u0107e uspjeti, u pore\u0111enju sa centralnim dijelovima Europe\u201d,<\/strong>&nbsp;naveo je Sladi\u0107.<\/p>\n\n\n\n<p>Veliki dio idu\u0107e sedmice prognozira se prete\u017eno sun\u010dano vrijeme sa natprosje\u010dno visokim temperaturama zraka, uglavnom u rasponu od 15 do 19, na jugu i sjeveru Bosne mogu\u0107e i do 21 \u00b0C.<\/p>\n\n\n\n<p>N1<\/p>\n","protected":false},"excerpt":{"rendered":"<p>Po\u010detkom idu\u0107e sedmice sa prednje strane ciklone koja \u0107e se premje\u0161tati preko Pirinejskog poluostrva prema Magrebu \u0107e u izra\u017eenom ju\u017enom i jugozapadnom visinskom strujanju povla\u010diti velike koli\u010dine saharskog pijeska prema centralnoj Europi, naro\u010dito na podru\u010dje Francuske, Njema\u010dke, \u0160vicarske i dalje ka Skandinaviji, zbog \u010dega \u0107e ova podru\u010dja imati prili\u010dno zamu\u0107eno nebo, \u010desto u nijansama narand\u017easte [&hellip;]<\/p>\n","protected":false},"author":7,"featured_media":24191,"comment_status":"closed","ping_status":"closed","sticky":false,"template":"","format":"standard","meta":{"inline_featured_image":false,"footnotes":""},"categories":[376,37,38],"tags":[],"class_list":{"0":"post-24190","1":"post","2":"type-post","3":"status-publish","4":"format-standard","5":"has-post-thumbnail","7":"category-featured","8":"category-vijesti","9":"category-vijesti-iz-bih"},"acf":[],"_links":{"self":[{"href":"https:\/\/tvsensor.com\/api\/wp\/v2\/posts\/24190","targetHints":{"allow":["GET"]}}],"collection":[{"href":"https:\/\/tvsensor.com\/api\/wp\/v2\/posts"}],"about":[{"href":"https:\/\/tvsensor.com\/api\/wp\/v2\/types\/post"}],"author":[{"embeddable":true,"href":"https:\/\/tvsensor.com\/api\/wp\/v2\/users\/7"}],"replies":[{"embeddable":true,"href":"https:\/\/tvsensor.com\/api\/wp\/v2\/comments?post=24190"}],"version-history":[{"count":1,"href":"https:\/\/tvsensor.com\/api\/wp\/v2\/posts\/24190\/revisions"}],"predecessor-version":[{"id":24192,"href":"https:\/\/tvsensor.com\/api\/wp\/v2\/posts\/24190\/revisions\/24192"}],"wp:featuredmedia":[{"embeddable":true,"href":"https:\/\/tvsensor.com\/api\/wp\/v2\/media\/24191"}],"wp:attachment":[{"href":"https:\/\/tvsensor.com\/api\/wp\/v2\/media?parent=24190"}],"wp:term":[{"taxonomy":"category","embeddable":true,"href":"https:\/\/tvsensor.com\/api\/wp\/v2\/categories?post=24190"},{"taxonomy":"post_tag","embeddable":true,"href":"https:\/\/tvsensor.com\/api\/wp\/v2\/tags?post=24190"}],"curies":[{"name":"wp","href":"https:\/\/api.w.org\/{rel}","templated":true}]}}