{"id":24085,"date":"2021-02-17T14:51:01","date_gmt":"2021-02-17T13:51:01","guid":{"rendered":"https:\/\/senzor.ba\/?p=24085"},"modified":"2024-01-15T21:40:07","modified_gmt":"2024-01-15T20:40:07","slug":"proglasena-epizoda-pripravnost-u-kantonu-sarajevo","status":"publish","type":"post","link":"https:\/\/tvsensor.com\/clanak\/proglasena-epizoda-pripravnost-u-kantonu-sarajevo\/","title":{"rendered":"Progla\u0161ena epizoda &#8216;Pripravnost&#8217; u Kantonu Sarajevo"},"content":{"rendered":"\n<p>Na osnovu izmjerenih koncentracija zaga\u0111uju\u0107ih materija u zraku i vremenske prognoze, Stru\u010dno tijelo za koordinaciju i nadzor zaklju\u010duje da su ispunjeni uslovi za progla\u0161enje epizode &#8220;Pripravnost&#8221; za podru\u010dje Kantona Sarajevo, prema Planu interventnih mjera u slu\u010dajevima prekomjerne zaga\u0111enosti zraka u KS.<\/p>\n\n\n\n<p>Mjerenjem koncentracija zaga\u0111uju\u0107ih materija u zraku na podru\u010dju Kantona Sarajevo tokom prethodnog dana na automatskim stanicama Otoka, Ilid\u017ea i Ilija\u0161 zabilje\u017eena su prekora\u010denja grani\u010dne vrijednosti za PM10 (50\u00b5g\/m3).<\/p>\n\n\n\n<p>Ostali pra\u0107eni polutanti nisu bilje\u017eili prekora\u010denja dnevnih niti satnih grani\u010dnih vrijednosti.<\/p>\n\n\n\n<p>Prema sinopti\u010dkoj prognozi Federalnog hidrometeorolo\u0161kog zavoda u ve\u010dernjim satima se o\u010dekuju padavine.<\/p>\n\n\n\n<p>Me\u0111utim, u naredna tri dana vrijeme \u0107e biti stabilno, bez padavina sa veoma slabim vjetrom. Tako\u0111er, postoje uvjeti za pojavu temperaturne inverzije u jutarnjim i ve\u010dernjim satima.<\/p>\n\n\n\n<p>U epizodi \u201ePripravnost\u201c, poduzimaju se sljede\u0107e mjere: u zoni A, u op\u0107inama Stari Grad, Centar, Novi Grad, Novo Sarajevo i Ilid\u017ea, ispod 700 metara nadmorske visine zabrana kretanja automobila i teretnih vozila, \u010diji dizel motori imaju normu EURO1 i manju, uz poja\u010dane kontrole inspekcijskih organa i asistenciju organa MUP-a; u svim zonama intenziviranje \u010di\u0161\u0107enja i pranja cesta sa primjenom mokrog postupka kalcij-hloridom; poja\u010davanje inspekcijskog nadzora nad gradili\u0161tima; smanjenje temperature za minimalno dva stepena Celzijusa na svim postrojenjima za proizvodnju toplotne energije sa Liste pravnih i fizi\u010dkih lica koja za zagrijavanje prostorija koriste \u010dvrsta goriva i te\u0161ka lo\u017e ulja uz preporuku za eventualni prelazak na prirodni gas ili elektri\u010dnu energiju, gdje za to postoje tehni\u010dke mogu\u0107nosti; maksimalno pove\u0107anje kapaciteta sredstava javnog gradskog prevoza koji ne zaga\u0111uju okoli\u0161; pozivanje pravnih lica da u zavisnosti od svojih mogu\u0107nosti izvr\u0161e pomjeranje po\u010detka radnog vremena u cilju rastere\u0107enja kapaciteta javnog gradskog prevoza i gradskih saobra\u0107ajnica; upozorenje rizi\u010dnim grupama stanovni\u0161tva za smanjenje kretanja; upozorenje stanovni\u0161tvu da svojim pona\u0161anjem i aktivnostima dodatno ne doprinose zaga\u0111enju zraka; upozorenje ustanovama \u0161kolskog i pred\u0161kolskog odgoja i obrazovanja, da djeca ne borave na otvorenom prostoru van zgrade za vrijeme velikih i malih odmora, kao i da se \u010dasovi tjelesnog odgoja ne odvijaju u dvori\u0161tu \u0161kole; upozorenje da je zabranjeno spaljivanje otpada i drugog nevegetacijskog materijala na otvorenom prostoru; poja\u010dan inspekcijski i drugi nadzor nad primjenom svih mjera; upozorenje da je ka\u017enjivo svako spaljivanje otpada u ku\u0107anstvima i pozivanje, da se u slu\u010daju sumnje, takva nedozvoljena postupanja prijave na eko-telefon 033\/660-000 ili telefon Kantonalnog operativnog centra civilne za\u0161tite 121, radi daljnjeg djelovanja nadle\u017enih inspekcija op\u0107ina i Kantona.<\/p>\n\n\n\n<p>Stru\u010dno tijelo za koordinaciju i nadzor \u0107e nastaviti kontinuirano pratiti vrijednosti zaga\u0111uju\u0107ih materija u zraku, te obavje\u0161tavati gra\u0111ane o svim eventualnim promjenama.<\/p>\n\n\n\n<p>federalna.ba<\/p>\n","protected":false},"excerpt":{"rendered":"<p>Na osnovu izmjerenih koncentracija zaga\u0111uju\u0107ih materija u zraku i vremenske prognoze, Stru\u010dno tijelo za koordinaciju i nadzor zaklju\u010duje da su ispunjeni uslovi za progla\u0161enje epizode &#8220;Pripravnost&#8221; za podru\u010dje Kantona Sarajevo, prema Planu interventnih mjera u slu\u010dajevima prekomjerne zaga\u0111enosti zraka u KS. Mjerenjem koncentracija zaga\u0111uju\u0107ih materija u zraku na podru\u010dju Kantona Sarajevo tokom prethodnog dana na [&hellip;]<\/p>\n","protected":false},"author":7,"featured_media":24086,"comment_status":"closed","ping_status":"closed","sticky":false,"template":"","format":"standard","meta":{"inline_featured_image":false,"footnotes":""},"categories":[443],"tags":[],"class_list":{"0":"post-24085","1":"post","2":"type-post","3":"status-publish","4":"format-standard","5":"has-post-thumbnail","7":"category-ekologija"},"acf":[],"_links":{"self":[{"href":"https:\/\/tvsensor.com\/api\/wp\/v2\/posts\/24085","targetHints":{"allow":["GET"]}}],"collection":[{"href":"https:\/\/tvsensor.com\/api\/wp\/v2\/posts"}],"about":[{"href":"https:\/\/tvsensor.com\/api\/wp\/v2\/types\/post"}],"author":[{"embeddable":true,"href":"https:\/\/tvsensor.com\/api\/wp\/v2\/users\/7"}],"replies":[{"embeddable":true,"href":"https:\/\/tvsensor.com\/api\/wp\/v2\/comments?post=24085"}],"version-history":[{"count":1,"href":"https:\/\/tvsensor.com\/api\/wp\/v2\/posts\/24085\/revisions"}],"predecessor-version":[{"id":24087,"href":"https:\/\/tvsensor.com\/api\/wp\/v2\/posts\/24085\/revisions\/24087"}],"wp:featuredmedia":[{"embeddable":true,"href":"https:\/\/tvsensor.com\/api\/wp\/v2\/media\/24086"}],"wp:attachment":[{"href":"https:\/\/tvsensor.com\/api\/wp\/v2\/media?parent=24085"}],"wp:term":[{"taxonomy":"category","embeddable":true,"href":"https:\/\/tvsensor.com\/api\/wp\/v2\/categories?post=24085"},{"taxonomy":"post_tag","embeddable":true,"href":"https:\/\/tvsensor.com\/api\/wp\/v2\/tags?post=24085"}],"curies":[{"name":"wp","href":"https:\/\/api.w.org\/{rel}","templated":true}]}}