{"id":24073,"date":"2021-02-17T11:49:55","date_gmt":"2021-02-17T10:49:55","guid":{"rendered":"https:\/\/senzor.ba\/?p=24073"},"modified":"2024-01-15T21:40:08","modified_gmt":"2024-01-15T20:40:08","slug":"apel-organizacija-za-zastitu-prava-djece-u-bih-vratimo-svu-djecu-u-skole","status":"publish","type":"post","link":"https:\/\/tvsensor.com\/clanak\/apel-organizacija-za-zastitu-prava-djece-u-bih-vratimo-svu-djecu-u-skole\/","title":{"rendered":"Apel organizacija za za\u0161titu prava djece u BiH: Vratimo svu djecu u \u0161kole"},"content":{"rendered":"\n<p>Grupa organizacija za za\u0161titu prava djece u Bosni i Hercegovini, koju \u010dine Save the Children, World Vision BiH, SOS Dje\u010dija sela, Hope and Homes for Children i Mre\u017ea Sna\u017eniji glas za djecu, apeluju na Ministarstvo za odgoj i obrazovanje Kantona Sarajevo, kao i nadle\u017ene krizne \u0161tabove, da razmotre otvaranje obrazovnih institucija u punom kapacitetu, uz po\u0161tivanje svih epidemiolo\u0161kih mjera i \u0161kolskih protokola, javlja Anadolu Agency (AA).<\/p>\n\n\n\n<p>&#8220;Iako smo zabrinuti zbog uticaja razli\u010ditih restriktivnih mjera na kvalitet obrazovanja djece \u0161irom BiH, posebno nas brine situacija u Kantonu Sarajevo. Konkretno u Kantonu Sarajevo, u situaciji gdje epidemiolo\u0161ke mjere nadle\u017enih organa dopu\u0161taju rad svih privrednih subjekata, javnog prijevoza, pred\u0161kolskih ustanova, sportskih \u0161kola, pa i osnovnih i srednjih \u0161kola u djelimi\u010dnom kapacitetu, smatramo da ne postoji opravdan razlog da se ne uvede recipro\u010dna mjera i za starije razrede osnovne \u0161kole, kao i za sve razrede srednje \u0161kole.&nbsp; U doba krize, kao i u redovnim okolnostima, pristup kvalitetnom obrazovanju za svako dijete mora ostati na\u0161 glavni prioritet&#8221;, navodi se u apelu upu\u0107enom nadle\u017enim institucijama.<\/p>\n\n\n\n<p>Apel je argumentiran nalazima istra\u017eivanja koje su tokom pandemije provele organizacije Save the Children World Vision BiH i UNICEF \u010diji rezultati ukazuju na negativne posljedice koje izostanak iz \u0161kolskih klupa ostavlja po djevoj\u010dice i dje\u010dake \u0161irom svijeta.<\/p>\n\n\n\n<p>Globalno istra\u017eivanje Save the Children &#8220;Uticaj pandemije COVID-19 na djecu&#8221;, koje je obuhvatilo 25.000 djece i roditelja \u0161irom svijeta, uklju\u010duju\u0107i i djecu iz zemalja na\u0161eg regiona, pokazalo je da \u010detvero od petero djece osje\u0107a da malo, ili uop\u0107e ne u\u010di dok su izvan \u0161kole.<\/p>\n\n\n\n<p>Posljednje World Vision International globalno istra\u017eivanje &#8220;COVID-19 i djeca&#8221;, provedeno u 12 zemalja regije, konsultovalo je djecu iz BiH zajednica i, specifi\u010dno, Kantona Sarajevo.&nbsp; Zabrinjavaju\u0107i su nalazi konsultacija sa djecom iz kojih saznajemo da je \u010dak 87 posto djece zabrinuto zbog kvaliteta obrazovanja koje sti\u010du u uslovima pandemije. Dok se preko 50 posto djevoj\u010dica i dje\u010daka suo\u010dava sa tehni\u010dkim pote\u0161ko\u0107ama pristupa i kvaliteta online nastave, tre\u0107ina njih su jako zabrinuti zbog manjka kontakta i dru\u0161tvene izolacije od \u0161kolskih drugara u uslovima u\u010denja na daljinu, rezultat je istra\u017eivanja organizacije World Vision International.<\/p>\n\n\n\n<p>Istra\u017eivanje &#8220;Procjena uticaja COVID-19 na dru\u0161tvo u BiH: Anketa doma\u0107instava&#8221;, koje su proveli UNICEF i UNDP daje uvid u efekte promjena u obrazovnom sistemu i prelaska na online nastavu na razli\u010dita doma\u0107instva, te naj\u010de\u0161\u0107e probleme i izazove. Zna\u010dajan problem utvr\u0111en je u doma\u0107instvima sa djecom i mla\u0111ima od 18 godina starosti (21 posto) zbog nemogu\u0107nosti roditelja (usljed nedostatka vremena i\/ili znanja) da pomognu djeci da razumiju nastavne materijale.<\/p>\n\n\n\n<p>&#8220;Svi ovi nalazi potvr\u0111uju nam da \u0161kola nije samo mjesto za u\u010denje, to je mjesto gdje se djeca socijaliziraju u sigurnom okru\u017eenju. Poha\u0111anje nastave predstavlja va\u017enu rutinu i oblik fizi\u010dke aktivnosti i definitivno zna\u010di manje vremena provedenog ispred ekrana&#8221;, navodi se u pismu upu\u0107enom nadle\u017enim organima.<\/p>\n\n\n\n<p>AA<\/p>\n","protected":false},"excerpt":{"rendered":"<p>Grupa organizacija za za\u0161titu prava djece u Bosni i Hercegovini, koju \u010dine Save the Children, World Vision BiH, SOS Dje\u010dija sela, Hope and Homes for Children i Mre\u017ea Sna\u017eniji glas za djecu, apeluju na Ministarstvo za odgoj i obrazovanje Kantona Sarajevo, kao i nadle\u017ene krizne \u0161tabove, da razmotre otvaranje obrazovnih institucija u punom kapacitetu, uz [&hellip;]<\/p>\n","protected":false},"author":7,"featured_media":24076,"comment_status":"closed","ping_status":"closed","sticky":false,"template":"","format":"standard","meta":{"inline_featured_image":false,"footnotes":""},"categories":[376,37,38],"tags":[],"class_list":{"0":"post-24073","1":"post","2":"type-post","3":"status-publish","4":"format-standard","5":"has-post-thumbnail","7":"category-featured","8":"category-vijesti","9":"category-vijesti-iz-bih"},"acf":[],"_links":{"self":[{"href":"https:\/\/tvsensor.com\/api\/wp\/v2\/posts\/24073","targetHints":{"allow":["GET"]}}],"collection":[{"href":"https:\/\/tvsensor.com\/api\/wp\/v2\/posts"}],"about":[{"href":"https:\/\/tvsensor.com\/api\/wp\/v2\/types\/post"}],"author":[{"embeddable":true,"href":"https:\/\/tvsensor.com\/api\/wp\/v2\/users\/7"}],"replies":[{"embeddable":true,"href":"https:\/\/tvsensor.com\/api\/wp\/v2\/comments?post=24073"}],"version-history":[{"count":2,"href":"https:\/\/tvsensor.com\/api\/wp\/v2\/posts\/24073\/revisions"}],"predecessor-version":[{"id":24078,"href":"https:\/\/tvsensor.com\/api\/wp\/v2\/posts\/24073\/revisions\/24078"}],"wp:featuredmedia":[{"embeddable":true,"href":"https:\/\/tvsensor.com\/api\/wp\/v2\/media\/24076"}],"wp:attachment":[{"href":"https:\/\/tvsensor.com\/api\/wp\/v2\/media?parent=24073"}],"wp:term":[{"taxonomy":"category","embeddable":true,"href":"https:\/\/tvsensor.com\/api\/wp\/v2\/categories?post=24073"},{"taxonomy":"post_tag","embeddable":true,"href":"https:\/\/tvsensor.com\/api\/wp\/v2\/tags?post=24073"}],"curies":[{"name":"wp","href":"https:\/\/api.w.org\/{rel}","templated":true}]}}