{"id":24068,"date":"2021-02-16T19:28:21","date_gmt":"2021-02-16T18:28:21","guid":{"rendered":"https:\/\/senzor.ba\/?p=24068"},"modified":"2024-01-15T21:40:08","modified_gmt":"2024-01-15T20:40:08","slug":"namoora-turkovic-cilj-da-bilateralna-saradnja-bih-i-palestine-bude-dinamicnija","status":"publish","type":"post","link":"https:\/\/tvsensor.com\/clanak\/namoora-turkovic-cilj-da-bilateralna-saradnja-bih-i-palestine-bude-dinamicnija\/","title":{"rendered":"Namoora-Turkovi\u0107: Cilj da bilateralna saradnja BiH i Palestine bude dinami\u010dnija"},"content":{"rendered":"\n<p>Zamjenica predsjedavaju\u0107eg Vije\u0107a ministara i ministrica vanjskih poslova Bosne i Hercegovine Bisera Turkovi\u0107 razgovarala je danas sa ambasadorom Dr\u017eave Palestine u Bosni i Hercegovini Rezeqom Namoorom koji ju je informisao o trenutnoj situaciji u Palestini te dodao da palestinsko rukovodstvo podr\u017eava zapo\u010dinjanje pregovora koji \u0107e biti utemeljeni na me\u0111unarodnom pravu.<\/p>\n\n\n\n<p>Dodao je da je predsjednik Palestine, nakon dogovora izme\u0111u politi\u010dkih opcija u toj dr\u017eavi, raspisao op\u0107e i predsjedni\u010dke izbore koji \u0107e biti odr\u017eani u maju i julu 2021. godine.<\/p>\n\n\n\n<p>Kazao je da se radi o va\u017enom iskoraku u toj dr\u017eavi jer \u0107e gra\u0111ani imati priliku da biraju vlast. Ambasador je naveo da o\u010dekuje i podr\u0161ku BiH, u skladu s mogu\u0107nostima na\u0161e dr\u017eave.<\/p>\n\n\n\n<p>Ministrica Turkovi\u0107 je istakla da BiH podr\u017eava sve konstruktivne napore koji se \u010dine u pravcu mirnog rje\u0161avanja palestinskog pitanja te uspostavljanja trajnog mira u tom dijelu svijeta.<\/p>\n\n\n\n<p>Naglasila je da je cilj na\u0161e dr\u017eave da bilateralna saradnja izme\u0111u Bosne i Hercegovine i Palestine bude bolja i dinami\u010dnija, posebno u oblasti ekonomije, a koja \u0107e biti od interesa dvije prijateljske dr\u017eave.<\/p>\n\n\n\n<p>&#8211; Ministrica je dodala da je potrebno intenzivirati saradnju u razli\u010ditim oblastima, razmjenjivati iskustva dvije dr\u017eave te da \u0107e Bosna i Hercegovina podr\u017eavati palestinski narod i dr\u017eavu, u skladu s mogu\u0107nostima na\u0161e dr\u017eave &#8211; saop\u0107io je Ured za odnose s javno\u0161\u0107u MVP-a BiH.<\/p>\n\n\n\n<p>Fena<\/p>\n","protected":false},"excerpt":{"rendered":"<p>Zamjenica predsjedavaju\u0107eg Vije\u0107a ministara i ministrica vanjskih poslova Bosne i Hercegovine Bisera Turkovi\u0107 razgovarala je danas sa ambasadorom Dr\u017eave Palestine u Bosni i Hercegovini Rezeqom Namoorom koji ju je informisao o trenutnoj situaciji u Palestini te dodao da palestinsko rukovodstvo podr\u017eava zapo\u010dinjanje pregovora koji \u0107e biti utemeljeni na me\u0111unarodnom pravu. Dodao je da je predsjednik [&hellip;]<\/p>\n","protected":false},"author":7,"featured_media":24069,"comment_status":"closed","ping_status":"closed","sticky":false,"template":"","format":"standard","meta":{"inline_featured_image":false,"footnotes":""},"categories":[376,37,38],"tags":[],"class_list":{"0":"post-24068","1":"post","2":"type-post","3":"status-publish","4":"format-standard","5":"has-post-thumbnail","7":"category-featured","8":"category-vijesti","9":"category-vijesti-iz-bih"},"acf":[],"_links":{"self":[{"href":"https:\/\/tvsensor.com\/api\/wp\/v2\/posts\/24068","targetHints":{"allow":["GET"]}}],"collection":[{"href":"https:\/\/tvsensor.com\/api\/wp\/v2\/posts"}],"about":[{"href":"https:\/\/tvsensor.com\/api\/wp\/v2\/types\/post"}],"author":[{"embeddable":true,"href":"https:\/\/tvsensor.com\/api\/wp\/v2\/users\/7"}],"replies":[{"embeddable":true,"href":"https:\/\/tvsensor.com\/api\/wp\/v2\/comments?post=24068"}],"version-history":[{"count":1,"href":"https:\/\/tvsensor.com\/api\/wp\/v2\/posts\/24068\/revisions"}],"predecessor-version":[{"id":24070,"href":"https:\/\/tvsensor.com\/api\/wp\/v2\/posts\/24068\/revisions\/24070"}],"wp:featuredmedia":[{"embeddable":true,"href":"https:\/\/tvsensor.com\/api\/wp\/v2\/media\/24069"}],"wp:attachment":[{"href":"https:\/\/tvsensor.com\/api\/wp\/v2\/media?parent=24068"}],"wp:term":[{"taxonomy":"category","embeddable":true,"href":"https:\/\/tvsensor.com\/api\/wp\/v2\/categories?post=24068"},{"taxonomy":"post_tag","embeddable":true,"href":"https:\/\/tvsensor.com\/api\/wp\/v2\/tags?post=24068"}],"curies":[{"name":"wp","href":"https:\/\/api.w.org\/{rel}","templated":true}]}}