{"id":24065,"date":"2021-02-16T19:25:31","date_gmt":"2021-02-16T18:25:31","guid":{"rendered":"https:\/\/senzor.ba\/?p=24065"},"modified":"2024-01-15T21:40:09","modified_gmt":"2024-01-15T20:40:09","slug":"izetbegovic-palmer-ubrzati-eu-i-nato-put-bih","status":"publish","type":"post","link":"https:\/\/tvsensor.com\/clanak\/izetbegovic-palmer-ubrzati-eu-i-nato-put-bih\/","title":{"rendered":"Izetbegovi\u0107-Palmer: Ubrzati EU i NATO put BiH"},"content":{"rendered":"\n<p>Predsjednik Stranke demokratske akcije (SDA) Bakir Izetbegovi\u0107 razgovarao je danas sa Matthewom Palmerom, zamjenikom pomo\u0107nika dr\u017eavnog sekretara Sjedinjenih Ameri\u010dkih Dr\u017eava i specijalnim izaslanikom State Departmenta za Balkan.<\/p>\n\n\n\n<p>Izetbegovi\u0107 i Palmer su u telefononskom razgovoru zajedni\u010dki ocijenili da je potrebno ulo\u017eiti dodatne napore da bi se ubrzao evropski i NATO put Bosne i Hercegovine.<\/p>\n\n\n\n<p>Predsjednik SDA istaknuo je da se dolaskom nove ameri\u010dke administracije o\u010dekuje i poja\u010dano prisustvo SAD te njihova podr\u0161ka reformskim i integracijskim procesima.<\/p>\n\n\n\n<p>Tema razgovora bio je i zavr\u0161etak izbornog procesa u Mostaru, a sagovornici su se saglasili da je potrebno bez odga\u0111anja pristupiti rje\u0161avanju nagomilanih problema u tom gradu.<\/p>\n\n\n\n<p>Palmer je izrazio o\u010dekivanje da \u0107e se uskoro nastaviti razgovori SDA i HDZ-a o implementaciji politi\u010dkog dijela Mostarskog sporazuma, koji se odnosi na reforme Izbornog zakona i provo\u0111enje presuda Evropskog suda za ljudska prava i Ustavnog suda BiH.<\/p>\n\n\n\n<p>-Predsjednik Izetbegovi\u0107 je naglasio da su SDA i HDZ sporazumom utvrdile principe koji podrazumijevaju balans izme\u0111u gra\u0111anskog i etni\u010dkog, ali ne\u0107e mo\u0107i same kreirati kona\u010dno rje\u0161enje. Istaknuo je da je, s obzirom na kompleksnost tog problema, potrebno sna\u017enije uklju\u010divanje predstavnika svih parlamentarnih stranaka, predstavnika EU i SAD, ali i nevladinog sektora te doma\u0107ih i stranih pravnih eksperata da bi se do\u0161lo do rje\u0161enja u skladu s evropskim standardima &#8211; saop\u0107eno je iz SDA.<\/p>\n\n\n\n<p>Fena<\/p>\n","protected":false},"excerpt":{"rendered":"<p>Predsjednik Stranke demokratske akcije (SDA) Bakir Izetbegovi\u0107 razgovarao je danas sa Matthewom Palmerom, zamjenikom pomo\u0107nika dr\u017eavnog sekretara Sjedinjenih Ameri\u010dkih Dr\u017eava i specijalnim izaslanikom State Departmenta za Balkan. Izetbegovi\u0107 i Palmer su u telefononskom razgovoru zajedni\u010dki ocijenili da je potrebno ulo\u017eiti dodatne napore da bi se ubrzao evropski i NATO put Bosne i Hercegovine. Predsjednik SDA [&hellip;]<\/p>\n","protected":false},"author":7,"featured_media":24066,"comment_status":"closed","ping_status":"closed","sticky":false,"template":"","format":"standard","meta":{"inline_featured_image":false,"footnotes":""},"categories":[376,37,38],"tags":[],"class_list":{"0":"post-24065","1":"post","2":"type-post","3":"status-publish","4":"format-standard","5":"has-post-thumbnail","7":"category-featured","8":"category-vijesti","9":"category-vijesti-iz-bih"},"acf":[],"_links":{"self":[{"href":"https:\/\/tvsensor.com\/api\/wp\/v2\/posts\/24065","targetHints":{"allow":["GET"]}}],"collection":[{"href":"https:\/\/tvsensor.com\/api\/wp\/v2\/posts"}],"about":[{"href":"https:\/\/tvsensor.com\/api\/wp\/v2\/types\/post"}],"author":[{"embeddable":true,"href":"https:\/\/tvsensor.com\/api\/wp\/v2\/users\/7"}],"replies":[{"embeddable":true,"href":"https:\/\/tvsensor.com\/api\/wp\/v2\/comments?post=24065"}],"version-history":[{"count":1,"href":"https:\/\/tvsensor.com\/api\/wp\/v2\/posts\/24065\/revisions"}],"predecessor-version":[{"id":24067,"href":"https:\/\/tvsensor.com\/api\/wp\/v2\/posts\/24065\/revisions\/24067"}],"wp:featuredmedia":[{"embeddable":true,"href":"https:\/\/tvsensor.com\/api\/wp\/v2\/media\/24066"}],"wp:attachment":[{"href":"https:\/\/tvsensor.com\/api\/wp\/v2\/media?parent=24065"}],"wp:term":[{"taxonomy":"category","embeddable":true,"href":"https:\/\/tvsensor.com\/api\/wp\/v2\/categories?post=24065"},{"taxonomy":"post_tag","embeddable":true,"href":"https:\/\/tvsensor.com\/api\/wp\/v2\/tags?post=24065"}],"curies":[{"name":"wp","href":"https:\/\/api.w.org\/{rel}","templated":true}]}}