{"id":24062,"date":"2021-02-15T19:49:26","date_gmt":"2021-02-15T18:49:26","guid":{"rendered":"https:\/\/senzor.ba\/?p=24062"},"modified":"2024-01-15T21:40:09","modified_gmt":"2024-01-15T20:40:09","slug":"dennis-gratz-se-oglasio-nakon-dogadjaja-u-mostaru","status":"publish","type":"post","link":"https:\/\/tvsensor.com\/clanak\/dennis-gratz-se-oglasio-nakon-dogadjaja-u-mostaru\/","title":{"rendered":"Dennis Gratz se oglasio nakon doga\u0111aja u Mostaru"},"content":{"rendered":"\n<p><strong>Sa \u010du\u0111enjem sam \u010ditao kako novoizabrani vije\u0107nici Na\u0161e stranke u Mostaru otvoreno vrije\u0111aju sve one koji se usude da im daju neki savjet, i sve one koji ih pozivaju da zajedni\u010dkim snagama izaberu gradona\u010delnika Mostara koji ne dolazi iz HDZ-a, napisao je danas na svojoj Facebook stranici Dennis Gratz, biv\u0161i predsjednik Na\u0161e stranke.<\/strong><\/p>\n\n\n\n<p><strong>\u201dDo zadnjeg momenta sam se nadao da \u0107e glasati za probosanskog kandidata, pokazati zdrav razum kao \u0161to su to u\u010dinili SDP ili Prva mostarska partija. Mogao bih re\u0107i da sam \u0161okiran dana\u0161njom odlukom partije kojoj sam nekada pripadao, ali predobro poznajem neke ljude koji njome upravljaju danas\u201d,<\/strong>&nbsp;napisao je Gratz.<\/p>\n\n\n\n<p>Mario Kordi\u0107 iz HDZ-a BiH novi je gradona\u010delnik Mostara. Tako su odlu\u010dili delegati na sjednici Gradskog vije\u0107a koja je odr\u017eana danas. Glasanje je bilo tajno, a prvi poku\u0161aj izbora, i to javnim glasanjem, poni\u0161ten je zbog kr\u0161enja Statuta.<\/p>\n\n\n\n<p>Tek u tre\u0107em krugu glasanja Kordi\u0107 je dobio prostu ve\u0107inu od 17 glasova koja mu je garantovala poziciju prvog \u010dovjeka grada na Neretvi. Njegov protukandidat iz Koalicije za Mostar Zlatko Guzin imao je 16. Neva\u017ee\u0107a su bila dva glasa. Iz Na\u0161e stranke ranije su kazali kako ne\u0107e podr\u017eati nijednog kandidata.<\/p>\n\n\n\n<p>N1<\/p>\n","protected":false},"excerpt":{"rendered":"<p>Sa \u010du\u0111enjem sam \u010ditao kako novoizabrani vije\u0107nici Na\u0161e stranke u Mostaru otvoreno vrije\u0111aju sve one koji se usude da im daju neki savjet, i sve one koji ih pozivaju da zajedni\u010dkim snagama izaberu gradona\u010delnika Mostara koji ne dolazi iz HDZ-a, napisao je danas na svojoj Facebook stranici Dennis Gratz, biv\u0161i predsjednik Na\u0161e stranke. \u201dDo zadnjeg [&hellip;]<\/p>\n","protected":false},"author":7,"featured_media":24063,"comment_status":"closed","ping_status":"closed","sticky":false,"template":"","format":"standard","meta":{"inline_featured_image":false,"footnotes":""},"categories":[376,234,37,38],"tags":[],"class_list":{"0":"post-24062","1":"post","2":"type-post","3":"status-publish","4":"format-standard","5":"has-post-thumbnail","7":"category-featured","8":"category-politika","9":"category-vijesti","10":"category-vijesti-iz-bih"},"acf":[],"_links":{"self":[{"href":"https:\/\/tvsensor.com\/api\/wp\/v2\/posts\/24062","targetHints":{"allow":["GET"]}}],"collection":[{"href":"https:\/\/tvsensor.com\/api\/wp\/v2\/posts"}],"about":[{"href":"https:\/\/tvsensor.com\/api\/wp\/v2\/types\/post"}],"author":[{"embeddable":true,"href":"https:\/\/tvsensor.com\/api\/wp\/v2\/users\/7"}],"replies":[{"embeddable":true,"href":"https:\/\/tvsensor.com\/api\/wp\/v2\/comments?post=24062"}],"version-history":[{"count":1,"href":"https:\/\/tvsensor.com\/api\/wp\/v2\/posts\/24062\/revisions"}],"predecessor-version":[{"id":24064,"href":"https:\/\/tvsensor.com\/api\/wp\/v2\/posts\/24062\/revisions\/24064"}],"wp:featuredmedia":[{"embeddable":true,"href":"https:\/\/tvsensor.com\/api\/wp\/v2\/media\/24063"}],"wp:attachment":[{"href":"https:\/\/tvsensor.com\/api\/wp\/v2\/media?parent=24062"}],"wp:term":[{"taxonomy":"category","embeddable":true,"href":"https:\/\/tvsensor.com\/api\/wp\/v2\/categories?post=24062"},{"taxonomy":"post_tag","embeddable":true,"href":"https:\/\/tvsensor.com\/api\/wp\/v2\/tags?post=24062"}],"curies":[{"name":"wp","href":"https:\/\/api.w.org\/{rel}","templated":true}]}}