{"id":24058,"date":"2021-02-15T19:44:26","date_gmt":"2021-02-15T18:44:26","guid":{"rendered":"https:\/\/senzor.ba\/?p=24058"},"modified":"2024-01-15T21:40:09","modified_gmt":"2024-01-15T20:40:09","slug":"inzko-vstv-presudan-za-jacanje-vladavine-prava-u-bih","status":"publish","type":"post","link":"https:\/\/tvsensor.com\/clanak\/inzko-vstv-presudan-za-jacanje-vladavine-prava-u-bih\/","title":{"rendered":"Inzko: VSTV presudan za ja\u010danje vladavine prava u BiH"},"content":{"rendered":"\n<p>Visoki predstavnik u BiH Valentin Inzko posjetio je danas Visoko sudsko i tu\u017eila\u010dko vije\u0107e Bosne i Hercegovine (VSTV) rekav\u0161i da je ta institucija presudna za ja\u010danje vladavine prava u BiH i ponovnu izgradnju povjerenja javnosti.<\/p>\n\n\n\n<p>Tom prilikom uputio je \u010destitke novoizabranom predsjedniku VSTV-a Halilu Lagumd\u017eiji, kao i potpredsjednicama Biljani Simeunovi\u0107 i Saneli Goru\u0161anovi\u0107-Butigan.<\/p>\n\n\n\n<p>Inzko je pozdravio opredijeljenost novog rukovodstva VSTV-a da vladavinu prava i borbu protiv korupcije stavi u sredi\u0161te svojih aktivnosti, zajedno sa pravosudnom reformom neophodnom za rad na integraciji Bosne i Hercegovine u EU.<\/p>\n\n\n\n<p>&#8211; Transparentan i vjerodostojan VSTV presudan je faktor za ja\u010danje vladavine prava u BiH. Sa novim rukovodstvom mo\u017ee se vratiti povjerenje javnosti u VSTV i pravosudne institucije. Uvijek \u0107emo podr\u017eavati aktivnosti kojima je cilj pobolj\u0161ati funkcioniranje, integritet i odgovornost pravosu\u0111a &#8211; rekao je visoki predstavnik, saop\u0107eno je iz OHR-a.<\/p>\n\n\n\n<p> Fena<\/p>\n","protected":false},"excerpt":{"rendered":"<p>Visoki predstavnik u BiH Valentin Inzko posjetio je danas Visoko sudsko i tu\u017eila\u010dko vije\u0107e Bosne i Hercegovine (VSTV) rekav\u0161i da je ta institucija presudna za ja\u010danje vladavine prava u BiH i ponovnu izgradnju povjerenja javnosti. Tom prilikom uputio je \u010destitke novoizabranom predsjedniku VSTV-a Halilu Lagumd\u017eiji, kao i potpredsjednicama Biljani Simeunovi\u0107 i Saneli Goru\u0161anovi\u0107-Butigan. Inzko je [&hellip;]<\/p>\n","protected":false},"author":7,"featured_media":24059,"comment_status":"closed","ping_status":"closed","sticky":false,"template":"","format":"standard","meta":{"inline_featured_image":false,"footnotes":""},"categories":[376,37,38],"tags":[],"class_list":{"0":"post-24058","1":"post","2":"type-post","3":"status-publish","4":"format-standard","5":"has-post-thumbnail","7":"category-featured","8":"category-vijesti","9":"category-vijesti-iz-bih"},"acf":[],"_links":{"self":[{"href":"https:\/\/tvsensor.com\/api\/wp\/v2\/posts\/24058","targetHints":{"allow":["GET"]}}],"collection":[{"href":"https:\/\/tvsensor.com\/api\/wp\/v2\/posts"}],"about":[{"href":"https:\/\/tvsensor.com\/api\/wp\/v2\/types\/post"}],"author":[{"embeddable":true,"href":"https:\/\/tvsensor.com\/api\/wp\/v2\/users\/7"}],"replies":[{"embeddable":true,"href":"https:\/\/tvsensor.com\/api\/wp\/v2\/comments?post=24058"}],"version-history":[{"count":1,"href":"https:\/\/tvsensor.com\/api\/wp\/v2\/posts\/24058\/revisions"}],"predecessor-version":[{"id":24060,"href":"https:\/\/tvsensor.com\/api\/wp\/v2\/posts\/24058\/revisions\/24060"}],"wp:featuredmedia":[{"embeddable":true,"href":"https:\/\/tvsensor.com\/api\/wp\/v2\/media\/24059"}],"wp:attachment":[{"href":"https:\/\/tvsensor.com\/api\/wp\/v2\/media?parent=24058"}],"wp:term":[{"taxonomy":"category","embeddable":true,"href":"https:\/\/tvsensor.com\/api\/wp\/v2\/categories?post=24058"},{"taxonomy":"post_tag","embeddable":true,"href":"https:\/\/tvsensor.com\/api\/wp\/v2\/tags?post=24058"}],"curies":[{"name":"wp","href":"https:\/\/api.w.org\/{rel}","templated":true}]}}