{"id":24055,"date":"2021-02-15T16:43:38","date_gmt":"2021-02-15T15:43:38","guid":{"rendered":"https:\/\/senzor.ba\/?p=24055"},"modified":"2024-01-15T21:40:09","modified_gmt":"2024-01-15T20:40:09","slug":"muzaferija-presretna-sam-ovo-je-za-sve-u-bih","status":"publish","type":"post","link":"https:\/\/tvsensor.com\/clanak\/muzaferija-presretna-sam-ovo-je-za-sve-u-bih\/","title":{"rendered":"Muzaferija: Presretna sam, ovo je za sve u BiH"},"content":{"rendered":"\n<p>Elvedina Muzaferija, najbolja skija\u0161ica Bosne i Hercegovine ostvarila je najbolji plasman nekog bh. takmi\u010dara od nezavisnosti zemlje na svjetskim prvenstvima u alpskim disciplinama, osvojiv\u0161i danas u Cortini d&#8217; Ampezzo odli\u010dno 16. mjesto u kombinaciji, prenosi Anadolu Agency (AA).<\/p>\n\n\n\n<p>\u201dPresretna sam. Jo\u0161 sam pod utiscima. Mislim da sam mogla jo\u0161 bolje i\u0107i, ali na kraju je ispalo fantasti\u010dno. Osje\u0107ala sam i mali umor poslije spusta u subotu. Sve nas je poremetilo odga\u0111anje takmi\u010denja u prvim danima Svjetskog prvenstva pa je kombinacija koja je izuzetno zahtjevna do\u0161la poslije superveleslaloma i spusta\u201d, rekla je 21-godi\u0161nja Muzaferija za stranicu Ski saveza BiH te naglasila:<\/p>\n\n\n\n<p>\u201dU svakom slu\u010daju veoma sam zadovoljna nastupom na Svjetskom prvenstvu u Cortini, plasirav\u0161i se na 25. mjesto u spustu i danas osvojiv\u0161i 16. poziciju u kombinaciji. Mogu re\u0107i da smo ostvarili zacrtane ciljeve pa malo ih i prema\u0161ili. Jednostavno, kako sam rekla jo\u0161 sam pod utiscima. U dobroj sam formi. Dat \u0107u sve od sebe da u ovom ritmu nastavim, da napredujem iz trke u trku.\u201c<\/p>\n\n\n\n<p>Muzaferija je kazala i da joj je velika \u010dast \u0161to je ostvarila najbolji plasman za BiH na svjetskim prvenstvima u alpskim disciplinama.<\/p>\n\n\n\n<p>\u201dTo je predivno saznanje. Evo, kada je tako, ovaj uspjeh posve\u0107ujem svima u domovini. Ovo je za sve vas u BiH. Nadam se da \u0107u u narednim godinama imati dobre rezultate, na pravi na\u010din afirmisati na\u0161u zemlju i obradovati sve navija\u010de\u201d, istakla je Muzaferija.<\/p>\n","protected":false},"excerpt":{"rendered":"<p>Elvedina Muzaferija, najbolja skija\u0161ica Bosne i Hercegovine ostvarila je najbolji plasman nekog bh. takmi\u010dara od nezavisnosti zemlje na svjetskim prvenstvima u alpskim disciplinama, osvojiv\u0161i danas u Cortini d&#8217; Ampezzo odli\u010dno 16. mjesto u kombinaciji, prenosi Anadolu Agency (AA). \u201dPresretna sam. Jo\u0161 sam pod utiscima. Mislim da sam mogla jo\u0161 bolje i\u0107i, ali na kraju je [&hellip;]<\/p>\n","protected":false},"author":59,"featured_media":24056,"comment_status":"closed","ping_status":"closed","sticky":false,"template":"","format":"standard","meta":{"inline_featured_image":false,"footnotes":""},"categories":[69,61],"tags":[],"class_list":{"0":"post-24055","1":"post","2":"type-post","3":"status-publish","4":"format-standard","5":"has-post-thumbnail","7":"category-ponos-bih","8":"category-sport"},"acf":[],"_links":{"self":[{"href":"https:\/\/tvsensor.com\/api\/wp\/v2\/posts\/24055","targetHints":{"allow":["GET"]}}],"collection":[{"href":"https:\/\/tvsensor.com\/api\/wp\/v2\/posts"}],"about":[{"href":"https:\/\/tvsensor.com\/api\/wp\/v2\/types\/post"}],"author":[{"embeddable":true,"href":"https:\/\/tvsensor.com\/api\/wp\/v2\/users\/59"}],"replies":[{"embeddable":true,"href":"https:\/\/tvsensor.com\/api\/wp\/v2\/comments?post=24055"}],"version-history":[{"count":1,"href":"https:\/\/tvsensor.com\/api\/wp\/v2\/posts\/24055\/revisions"}],"predecessor-version":[{"id":24057,"href":"https:\/\/tvsensor.com\/api\/wp\/v2\/posts\/24055\/revisions\/24057"}],"wp:featuredmedia":[{"embeddable":true,"href":"https:\/\/tvsensor.com\/api\/wp\/v2\/media\/24056"}],"wp:attachment":[{"href":"https:\/\/tvsensor.com\/api\/wp\/v2\/media?parent=24055"}],"wp:term":[{"taxonomy":"category","embeddable":true,"href":"https:\/\/tvsensor.com\/api\/wp\/v2\/categories?post=24055"},{"taxonomy":"post_tag","embeddable":true,"href":"https:\/\/tvsensor.com\/api\/wp\/v2\/tags?post=24055"}],"curies":[{"name":"wp","href":"https:\/\/api.w.org\/{rel}","templated":true}]}}