{"id":24049,"date":"2021-02-15T15:43:19","date_gmt":"2021-02-15T14:43:19","guid":{"rendered":"https:\/\/senzor.ba\/?p=24049"},"modified":"2024-01-15T21:40:09","modified_gmt":"2024-01-15T20:40:09","slug":"isa-mustafa-podnio-ostavku-na-mjesto-predsjednika-ldk-a","status":"publish","type":"post","link":"https:\/\/tvsensor.com\/clanak\/isa-mustafa-podnio-ostavku-na-mjesto-predsjednika-ldk-a\/","title":{"rendered":"Isa Mustafa podnio ostavku na mjesto predsjednika LDK-a"},"content":{"rendered":"\n<p>Predsjednik Demokratskog saveza Kosova (LDK) Isa Mustafa podnio je ostavku na tu poziciju zbog lo\u0161ih rezultata na nedeljnim prijevremenim parlamentarnim izborima na Kosovu.<\/p>\n\n\n\n<p>Isa Mustafa je nakon sastanka Predsjedni\u0161tva LDK- saop\u0161tio da se povla\u010di sa pozicije predsjednika jer kao \u010delni \u010dovjek snosi objektivnu odgovornost za izborni rezultat. \u201cInformisao sam Predsjedni\u0161tvo da \u0107u sazvati Skup\u0161tinu LDK-a za izbor novog predsjednika za kratki vremenski period. Prema statutu imamo 60 dana da to uradimo, ali uradi\u0107emo to mnogo br\u017ee kako bi LDK uskoro dobilo novog predsjednika\u201d, kazao je Mustafa.<\/p>\n\n\n\n<p>Naveo da \u017eeli da o\u010duva LDK-a i da ga vrati kao jaku politi\u010dku snagu. Mustafa je rekao da njegova partija nema zamjerki na izborni proces, dok je glas volja gra\u0111ana. Isa Mustafa je od 2010. godine bio na \u010delu LDK-a.<\/p>\n\n\n\n<p>LDK-a je na nedeljnim izborima zabilje\u017eio najlo\u0161iji rezultat do sada sa osvojenih samo 13,12 posto glasova i zauzima tre\u0107e mjesto.<\/p>\n\n\n\n<p>LDK-a je na pro\u0161lim parlamentarnim izborima oktobra 2019. bio druga partija sa 24,55 posto glasova bira\u010da&nbsp;i&nbsp;imao je 28 poslanika u Skup\u0161tini Kosova.<\/p>\n\n\n\n<p>Analiti\u010dari ocjenjuju da su gra\u0111ani kaznili LDK-a zbog ru\u0161enja Vlade premijera Albina Kurtija pro\u0161le godine, sa kojim su bili u koaliciji, nakon manje od dva mjeseca.<\/p>\n\n\n\n<p>AA<\/p>\n","protected":false},"excerpt":{"rendered":"<p>Predsjednik Demokratskog saveza Kosova (LDK) Isa Mustafa podnio je ostavku na tu poziciju zbog lo\u0161ih rezultata na nedeljnim prijevremenim parlamentarnim izborima na Kosovu. Isa Mustafa je nakon sastanka Predsjedni\u0161tva LDK- saop\u0161tio da se povla\u010di sa pozicije predsjednika jer kao \u010delni \u010dovjek snosi objektivnu odgovornost za izborni rezultat. \u201cInformisao sam Predsjedni\u0161tvo da \u0107u sazvati Skup\u0161tinu LDK-a [&hellip;]<\/p>\n","protected":false},"author":7,"featured_media":24050,"comment_status":"closed","ping_status":"closed","sticky":false,"template":"","format":"standard","meta":{"inline_featured_image":false,"footnotes":""},"categories":[376,40,37],"tags":[],"class_list":{"0":"post-24049","1":"post","2":"type-post","3":"status-publish","4":"format-standard","5":"has-post-thumbnail","7":"category-featured","8":"category-region","9":"category-vijesti"},"acf":[],"_links":{"self":[{"href":"https:\/\/tvsensor.com\/api\/wp\/v2\/posts\/24049","targetHints":{"allow":["GET"]}}],"collection":[{"href":"https:\/\/tvsensor.com\/api\/wp\/v2\/posts"}],"about":[{"href":"https:\/\/tvsensor.com\/api\/wp\/v2\/types\/post"}],"author":[{"embeddable":true,"href":"https:\/\/tvsensor.com\/api\/wp\/v2\/users\/7"}],"replies":[{"embeddable":true,"href":"https:\/\/tvsensor.com\/api\/wp\/v2\/comments?post=24049"}],"version-history":[{"count":1,"href":"https:\/\/tvsensor.com\/api\/wp\/v2\/posts\/24049\/revisions"}],"predecessor-version":[{"id":24051,"href":"https:\/\/tvsensor.com\/api\/wp\/v2\/posts\/24049\/revisions\/24051"}],"wp:featuredmedia":[{"embeddable":true,"href":"https:\/\/tvsensor.com\/api\/wp\/v2\/media\/24050"}],"wp:attachment":[{"href":"https:\/\/tvsensor.com\/api\/wp\/v2\/media?parent=24049"}],"wp:term":[{"taxonomy":"category","embeddable":true,"href":"https:\/\/tvsensor.com\/api\/wp\/v2\/categories?post=24049"},{"taxonomy":"post_tag","embeddable":true,"href":"https:\/\/tvsensor.com\/api\/wp\/v2\/tags?post=24049"}],"curies":[{"name":"wp","href":"https:\/\/api.w.org\/{rel}","templated":true}]}}