{"id":24046,"date":"2021-02-15T15:31:54","date_gmt":"2021-02-15T14:31:54","guid":{"rendered":"https:\/\/senzor.ba\/?p=24046"},"modified":"2024-01-15T21:40:10","modified_gmt":"2024-01-15T20:40:10","slug":"prekinut-strajk-rudara-postignut-dogovor","status":"publish","type":"post","link":"https:\/\/tvsensor.com\/clanak\/prekinut-strajk-rudara-postignut-dogovor\/","title":{"rendered":"Prekinut \u0161trajk rudara, postignut dogovor"},"content":{"rendered":"\n<p>Prekinut je \u0161trajk rudara Rudnika mrkog uglja Zenica i Breza jer je postignut dogovor, potvrdio nam je federalni ministar energije, rudarstva i industrije Nermin D\u017eindi\u0107.<\/p>\n\n\n\n<p>Podsje\u0107amo, nakon prvog dijela sastanka u sjedi\u0161tu Elektroprivrede BiH, Elvedin Avdi\u0107 predsjednik Sindikata Stara jama RMU Zenica, kazao je za \u201cAvaz\u201d, da su oni predali zahtjeve.<\/p>\n\n\n\n<p>\u2013 Zahtijevamo potpunu deblokadu ra\u010duna rudnika \u201eZenica\u201c i rudnika \u201eBreza\u201c, penzionisanje komorata i, naravno, deblokadom \u0107emo omogu\u0107iti normalan rad, rudnik \u0107e mo\u0107i kupovati repromaterijal \u2013 kazao je Avdi\u0107.<\/p>\n\n\n\n<p>Avdi\u0107 je kazao da je na sastanku bio i \u0160erif Isovi\u0107, direktor Porezne uprave FBiH.<\/p>\n\n\n\n<p>\u2013 Na sastanku su bili Sinan Husi\u0107, \u010dlanovi Sindikata, dvojica iz Breze, dvojica iz Zenice i jedan iz Kaknja, ministar D\u017eindi\u0107, Novali\u0107 nije bio, direktor Elektorprivrede, bio je njegov zamjenik \u2013 kazao je Avdi\u0107.<\/p>\n\n\n\n<p>Tako\u0111er, sutra\u0161nji protest pred zgradom Vlade FBiH u Sarajevu je otkazan.<\/p>\n\n\n\n<p>Pressmedia.ba<\/p>\n","protected":false},"excerpt":{"rendered":"<p>Prekinut je \u0161trajk rudara Rudnika mrkog uglja Zenica i Breza jer je postignut dogovor, potvrdio nam je federalni ministar energije, rudarstva i industrije Nermin D\u017eindi\u0107. Podsje\u0107amo, nakon prvog dijela sastanka u sjedi\u0161tu Elektroprivrede BiH, Elvedin Avdi\u0107 predsjednik Sindikata Stara jama RMU Zenica, kazao je za \u201cAvaz\u201d, da su oni predali zahtjeve. \u2013 Zahtijevamo potpunu deblokadu [&hellip;]<\/p>\n","protected":false},"author":7,"featured_media":24047,"comment_status":"closed","ping_status":"closed","sticky":false,"template":"","format":"standard","meta":{"inline_featured_image":false,"footnotes":""},"categories":[376,37,38],"tags":[],"class_list":{"0":"post-24046","1":"post","2":"type-post","3":"status-publish","4":"format-standard","5":"has-post-thumbnail","7":"category-featured","8":"category-vijesti","9":"category-vijesti-iz-bih"},"acf":[],"_links":{"self":[{"href":"https:\/\/tvsensor.com\/api\/wp\/v2\/posts\/24046","targetHints":{"allow":["GET"]}}],"collection":[{"href":"https:\/\/tvsensor.com\/api\/wp\/v2\/posts"}],"about":[{"href":"https:\/\/tvsensor.com\/api\/wp\/v2\/types\/post"}],"author":[{"embeddable":true,"href":"https:\/\/tvsensor.com\/api\/wp\/v2\/users\/7"}],"replies":[{"embeddable":true,"href":"https:\/\/tvsensor.com\/api\/wp\/v2\/comments?post=24046"}],"version-history":[{"count":1,"href":"https:\/\/tvsensor.com\/api\/wp\/v2\/posts\/24046\/revisions"}],"predecessor-version":[{"id":24048,"href":"https:\/\/tvsensor.com\/api\/wp\/v2\/posts\/24046\/revisions\/24048"}],"wp:featuredmedia":[{"embeddable":true,"href":"https:\/\/tvsensor.com\/api\/wp\/v2\/media\/24047"}],"wp:attachment":[{"href":"https:\/\/tvsensor.com\/api\/wp\/v2\/media?parent=24046"}],"wp:term":[{"taxonomy":"category","embeddable":true,"href":"https:\/\/tvsensor.com\/api\/wp\/v2\/categories?post=24046"},{"taxonomy":"post_tag","embeddable":true,"href":"https:\/\/tvsensor.com\/api\/wp\/v2\/tags?post=24046"}],"curies":[{"name":"wp","href":"https:\/\/api.w.org\/{rel}","templated":true}]}}