{"id":24043,"date":"2021-02-15T15:27:40","date_gmt":"2021-02-15T14:27:40","guid":{"rendered":"https:\/\/senzor.ba\/?p=24043"},"modified":"2024-01-15T21:40:10","modified_gmt":"2024-01-15T20:40:10","slug":"otvorena-humanitarna-izlozba-mirsade-kadribasic-u-stocu","status":"publish","type":"post","link":"https:\/\/tvsensor.com\/clanak\/otvorena-humanitarna-izlozba-mirsade-kadribasic-u-stocu\/","title":{"rendered":"Otvorena humanitarna izlo\u017eba Mirsade Kadriba\u0161i\u0107 u Stocu"},"content":{"rendered":"\n<p>Izlo\u017eba akvarela bh. umjetnice Mirsade Kadriba\u0161i\u0107 \u201cBoje \u017eivota\u201d otvorena je proteklog vikenda u novootvorenom Centru za kulturu Stolac.<\/p>\n\n\n\n<p>Slike iz ciklusa \u201cBoje \u017eivota\u201d inspirirane su bojama i bogatstvom hercegova\u010dkog kraja pa je i logi\u010dan slijed da je ova izlo\u017eba prvo predstavljena publici ovog dijela zemlje, mada ne izostaju i drugi predjeli Bosne i Hercegovine, saop\u0107ili  su organizatori.<\/p>\n\n\n\n<p>\u201cAkvarel je moja strast. Ima ne\u0161to neo\u010dekivano u toj tehnici. Ona je magi\u010dna. Neprekidno me odu\u0161evljava njegova prozra\u010dnost, lepr\u0161avost i na\u010din na koji se boje neo\u010dekivano stapaju\u201d, rekla je Kadriba\u0161i\u0107.<\/p>\n\n\n\n<p>Akvarel kao umjetni\u010dka forma je jedna od najzahtjevnijih slikarskih tehnika, a Mirsada Kadriba\u0161i\u0107 koristi ovaj medij da prika\u017ee scene i likove iz svakodnevnog \u017eivota, kroz bogatstvo kolorita i sadr\u017eaja.<\/p>\n\n\n\n<p>Izlo\u017eba \u201cBoje \u017eivota\u201d humanitarnog je karaktera, a dio sredstava od prodanih slika i\u0107i \u0107e za podr\u0161ku Udru\u017eenju gra\u0111ana&nbsp;\u201cIskra\u201d koje se zala\u017ee za razvoj kulture i sporta u Stocu.<\/p>\n\n\n\n<p>Izlo\u017eba \u0107e biti otvorena do 28. februara.<\/p>\n\n\n\n<p>(FENA)<\/p>\n","protected":false},"excerpt":{"rendered":"<p>Izlo\u017eba akvarela bh. umjetnice Mirsade Kadriba\u0161i\u0107 \u201cBoje \u017eivota\u201d otvorena je proteklog vikenda u novootvorenom Centru za kulturu Stolac. Slike iz ciklusa \u201cBoje \u017eivota\u201d inspirirane su bojama i bogatstvom hercegova\u010dkog kraja pa je i logi\u010dan slijed da je ova izlo\u017eba prvo predstavljena publici ovog dijela zemlje, mada ne izostaju i drugi predjeli Bosne i Hercegovine, saop\u0107ili [&hellip;]<\/p>\n","protected":false},"author":7,"featured_media":24044,"comment_status":"closed","ping_status":"closed","sticky":false,"template":"","format":"standard","meta":{"inline_featured_image":false,"footnotes":""},"categories":[376,37,38],"tags":[],"class_list":{"0":"post-24043","1":"post","2":"type-post","3":"status-publish","4":"format-standard","5":"has-post-thumbnail","7":"category-featured","8":"category-vijesti","9":"category-vijesti-iz-bih"},"acf":[],"_links":{"self":[{"href":"https:\/\/tvsensor.com\/api\/wp\/v2\/posts\/24043","targetHints":{"allow":["GET"]}}],"collection":[{"href":"https:\/\/tvsensor.com\/api\/wp\/v2\/posts"}],"about":[{"href":"https:\/\/tvsensor.com\/api\/wp\/v2\/types\/post"}],"author":[{"embeddable":true,"href":"https:\/\/tvsensor.com\/api\/wp\/v2\/users\/7"}],"replies":[{"embeddable":true,"href":"https:\/\/tvsensor.com\/api\/wp\/v2\/comments?post=24043"}],"version-history":[{"count":1,"href":"https:\/\/tvsensor.com\/api\/wp\/v2\/posts\/24043\/revisions"}],"predecessor-version":[{"id":24045,"href":"https:\/\/tvsensor.com\/api\/wp\/v2\/posts\/24043\/revisions\/24045"}],"wp:featuredmedia":[{"embeddable":true,"href":"https:\/\/tvsensor.com\/api\/wp\/v2\/media\/24044"}],"wp:attachment":[{"href":"https:\/\/tvsensor.com\/api\/wp\/v2\/media?parent=24043"}],"wp:term":[{"taxonomy":"category","embeddable":true,"href":"https:\/\/tvsensor.com\/api\/wp\/v2\/categories?post=24043"},{"taxonomy":"post_tag","embeddable":true,"href":"https:\/\/tvsensor.com\/api\/wp\/v2\/tags?post=24043"}],"curies":[{"name":"wp","href":"https:\/\/api.w.org\/{rel}","templated":true}]}}