{"id":24035,"date":"2021-02-15T09:01:28","date_gmt":"2021-02-15T08:01:28","guid":{"rendered":"https:\/\/senzor.ba\/?p=24035"},"modified":"2024-01-15T21:40:11","modified_gmt":"2024-01-15T20:40:11","slug":"gradjani-se-okupljaju-skupa-sa-rudarima-ispred-rmu-breza","status":"publish","type":"post","link":"https:\/\/tvsensor.com\/clanak\/gradjani-se-okupljaju-skupa-sa-rudarima-ispred-rmu-breza\/","title":{"rendered":"Gra\u0111ani se okupljaju skupa sa rudarima ispred RMU Breza"},"content":{"rendered":"\n<p><strong>Vi\u0161e od stotinu gra\u0111ana Breze skupa sa rudarima danas se okupilo ispred RMU Breza u znak podr\u0161ke \u0161trajku rudara koji traje od pro\u0161le sedmice.<\/strong><\/p>\n\n\n\n<p>Ne\u0161to vi\u0161e od stotinu gra\u0111ana nalazi se ispred ulaza u RMU Breza, gdje se se okupili kako bi pru\u017eili podr\u0161ku rudarima koji su u \u0161trajku.<\/p>\n\n\n\n<p>Stigao je i na\u010delnik Vedad Jusi\u0107 koji je, podsje\u0107amo, ju\u010der uputio otvoreno pismo javnosti u kojem je iskazao podr\u0161ku za rudare i uslove u kojim se nalaze te pozvao gra\u0111ane na solidarnost.<\/p>\n\n\n\n<p>Podsjetimo, rudari Zenice i Breze i dalje su u generalnom \u0161trajku. Njihovi zahtjevi su poznati \u2013 redovne plate, osiguranje repromaterijala za neometan rad i uvezivanje radnog sta\u017ea za komorate koji su u pro\u0161loj godini stekli uslove za penzionisanje.<\/p>\n\n\n\n<p>Za ovaj ponedjeljak je zakazan sastanak nadle\u017enih u Vladi Federacije.<\/p>\n\n\n\n<p>Podsje\u0107amo, dug rudnika Zenica i Breza prema Poreznoj upravi je oko 253 miliona maraka zbog \u010dega im je blokiran ra\u010dun.<\/p>\n\n\n\n<p>N1<\/p>\n","protected":false},"excerpt":{"rendered":"<p>Vi\u0161e od stotinu gra\u0111ana Breze skupa sa rudarima danas se okupilo ispred RMU Breza u znak podr\u0161ke \u0161trajku rudara koji traje od pro\u0161le sedmice. Ne\u0161to vi\u0161e od stotinu gra\u0111ana nalazi se ispred ulaza u RMU Breza, gdje se se okupili kako bi pru\u017eili podr\u0161ku rudarima koji su u \u0161trajku. Stigao je i na\u010delnik Vedad Jusi\u0107 [&hellip;]<\/p>\n","protected":false},"author":7,"featured_media":24036,"comment_status":"closed","ping_status":"closed","sticky":false,"template":"","format":"standard","meta":{"inline_featured_image":false,"footnotes":""},"categories":[376,37,38],"tags":[],"class_list":{"0":"post-24035","1":"post","2":"type-post","3":"status-publish","4":"format-standard","5":"has-post-thumbnail","7":"category-featured","8":"category-vijesti","9":"category-vijesti-iz-bih"},"acf":[],"_links":{"self":[{"href":"https:\/\/tvsensor.com\/api\/wp\/v2\/posts\/24035","targetHints":{"allow":["GET"]}}],"collection":[{"href":"https:\/\/tvsensor.com\/api\/wp\/v2\/posts"}],"about":[{"href":"https:\/\/tvsensor.com\/api\/wp\/v2\/types\/post"}],"author":[{"embeddable":true,"href":"https:\/\/tvsensor.com\/api\/wp\/v2\/users\/7"}],"replies":[{"embeddable":true,"href":"https:\/\/tvsensor.com\/api\/wp\/v2\/comments?post=24035"}],"version-history":[{"count":1,"href":"https:\/\/tvsensor.com\/api\/wp\/v2\/posts\/24035\/revisions"}],"predecessor-version":[{"id":24037,"href":"https:\/\/tvsensor.com\/api\/wp\/v2\/posts\/24035\/revisions\/24037"}],"wp:featuredmedia":[{"embeddable":true,"href":"https:\/\/tvsensor.com\/api\/wp\/v2\/media\/24036"}],"wp:attachment":[{"href":"https:\/\/tvsensor.com\/api\/wp\/v2\/media?parent=24035"}],"wp:term":[{"taxonomy":"category","embeddable":true,"href":"https:\/\/tvsensor.com\/api\/wp\/v2\/categories?post=24035"},{"taxonomy":"post_tag","embeddable":true,"href":"https:\/\/tvsensor.com\/api\/wp\/v2\/tags?post=24035"}],"curies":[{"name":"wp","href":"https:\/\/api.w.org\/{rel}","templated":true}]}}