{"id":23693,"date":"2021-02-09T21:33:07","date_gmt":"2021-02-09T20:33:07","guid":{"rendered":"https:\/\/senzor.ba\/?p=23693"},"modified":"2024-01-15T21:40:25","modified_gmt":"2024-01-15T20:40:25","slug":"poslusajte-govor-poslanika-shaipa-kamberija-na-albanskom-jeziku-u-parlamentu-srbije","status":"publish","type":"post","link":"https:\/\/tvsensor.com\/clanak\/poslusajte-govor-poslanika-shaipa-kamberija-na-albanskom-jeziku-u-parlamentu-srbije\/","title":{"rendered":"Poslu\u0161ajte govor poslanika Shaipa Kamberija na albanskom jeziku u parlamentu Srbije"},"content":{"rendered":"\n<p><em>Po\u0161tovani gra\u0111ani Republike Srbije,<\/em><\/p>\n\n\n\n<p><em>Dame i gospodo narodni poslanici,<\/em><\/p>\n\n\n\n<p><em>Gospodine Presedni\u010de;<\/em><\/p>\n\n\n\n<p><em>Dobar dan \u2013 Mir\u00ebdita<\/em><\/p>\n\n\n\n<p>Danas je poseban dan.<\/p>\n\n\n\n<p>Prvi je dan otkako je sud ove dr\u017eave legalizirao uvredljivi naziv &#8220;\u0160iptari&#8221;.<\/p>\n\n\n\n<p>Vrhovni sud u Beogradu odbio je da ministra Aleksandra Vulina proglasi krivim za diskriminaciju, uvredu i govor mr\u017enje prema Albancima.<\/p>\n\n\n\n<p>Odluka Apelacionog suda od kraja 2018. godine, kojim je upotreba izraza &#8220;\u0161iptar&#8221; sankcionisana kao govor mr\u017enje, vi\u0161e ne vrijedi za vi\u0161i sud.<\/p>\n\n\n\n<p>Niti je mi\u0161ljenje povjerenice za za\u0161titu ravnopravnosti Brankice Jankovi\u0107, koja je upotrebu izraza \u201e\u0160iptar\u201c opisala kao pogrdno, uvredljivo i kr\u0161enje zakona o spre\u010davanju diskriminacije.<\/p>\n\n\n\n<p>Kao \u0161to je poznato, biv\u0161i glasnogovornik Mire Markovi\u0107 i sada\u0161nji ministar unutra\u0161njih poslova Aleksandar Vulin stalno koristi uvredljivu terminologiju &#8220;\u0160iptar&#8221; umjesto slu\u017ebene i pravne terminologije u Srbiji: &#8220;Albanac&#8221;.<\/p>\n\n\n\n<p>Ve\u0107 odlukom suda ove dr\u017eave, od danas sam &#8220;\u0160iptar&#8221;, a ne Albanac.<\/p>\n\n\n\n<p>Tako se jednog dana Aleksander Vulin probudio i odlu\u010dio ko sam i koje sam nacionalnosti, a to je legalizovao dr\u017eavni sud!<\/p>\n\n\n\n<p>Isto kao u Njema\u010dkoj krajem 1930-ih, kada je ministar Hermann Goering odlu\u010dio tko su Jevreji i kako su opisani, a zatim su to legalizirali sudovi Gestapa.<\/p>\n\n\n\n<p>Proglasiv\u0161i tu\u017ebu albanskog nacionalnog ve\u0107a neutemeljenom, Sud je ve\u0107 dao pravnu snagu institucionalizaciji govora mr\u017enje, netrpeljivosti i ksenofobije protiv Albanaca uop\u0161te, a posebno onih u Srbiji.<\/p>\n\n\n\n<p>Gospo\u0111o Merkel, gospodine Macron, gospodine Borrel, gospodine Laj\u010dak, gospo\u0111o Vonder Leyen, da li je ovo ta va\u0161a proevropska Srbija?<br><\/p>\n\n\n\n<p>To se nije desilo ni za vreme re\u017eima Slobodana Milo\u0161evi\u0107a koji je ubijao, silovao i proterivao Albance nazivaju\u0107i ih ipak Albanacma.<\/p>\n\n\n\n<p>Ali, u ti\u0161ini demokratskog svijeta, Srbija Aleksandra Vu\u010di\u0107a vra\u0107a se u doba Aleksandra Rankovi\u0107a, poznatog kao posljednje doba slu\u017ebene i javne upotrebe izraza &#8220;\u0160iptar&#8221;.<\/p>\n\n\n\n<p>Po\u0161tovane kolege, odluka Vrhovnog suda u Beogradu veoma je opasan presedan za manjine u Srbiji, ali i na \u010ditavom zapadnom Balkanu. Stvara legitiman standard za govor mr\u017enje protiv manjina ne samo u Srbiji ve\u0107 i na zapadnom Balkanu.<\/p>\n\n\n\n<p>Kako bi reagovalo srpsko dru\u0161tvo da se kosovski kolega Aleksandra Vulina jednog dana probudi i odlu\u010di da se od danas Srbe naziva pejorativnim izrazom &#8220;\u0160kije&#8221;(Vlasi), a da je to legalizovao sud u Pri\u0161tini?<\/p>\n\n\n\n<p>Da li je to ono \u0161to Vulin i Vu\u010di\u0107 \u017eele za kosovske Srbe?<\/p>\n\n\n\n<p>Ne, ne\u0107ete mo\u0107i da podstaknete ovu me\u0111usobnu mr\u017enju da biste odr\u017eali svoju mo\u0107 igraju\u0107i patriotu u Srbiji.<\/p>\n\n\n\n<p>Samo vi nastavljate javno i pravno vrije\u0111ati manjine u va\u0161oj dr\u017eavi. Na taj na\u010din vi\u0161e vrije\u0111ajte svoju dr\u017eavu nego li same Albance.<\/p>\n\n\n\n<p>Gospodine Vulin i gospodine Vu\u010di\u0107u, podse\u0107am vas da je \u010cubrilovi\u0107 &nbsp;Albance nazivao &nbsp;Arnautima, ali se i tada nisu pot\u010dinjavali.<\/p>\n\n\n\n<p>Ni mi nismo pod\u010dinjeni vama. Sve vam je uzalud!<\/p>\n\n\n\n<p>\u010cak i nakon ju\u010dera\u0161nje presude suda, jo\u0161 sam vi\u0161e uvjeren da va\u0161a mr\u017enja ne\u0107e pobijediti Srbiju.<\/p>\n\n\n\n<p>Balkan ima alternativu samo u miru, su\u017eivotu i uzajamnom po\u0161tovanju.<\/p>\n\n\n\n<p>Stoga va\u0161a diskriminacija nema alternativu!<\/p>\n\n\n\n<p>U ovom slu\u010daju, moje pitanje upu\u0107eno premijerki Brnabi\u0107: da li \u0107e ovaj jezik mr\u017enje biti instaliran kao standard u va\u0161oj vladi u komunikaciji s manjinama, a posebno sa Albancima?<\/p>\n","protected":false},"excerpt":{"rendered":"<p>Po\u0161tovani gra\u0111ani Republike Srbije, Dame i gospodo narodni poslanici, Gospodine Presedni\u010de; Dobar dan \u2013 Mir\u00ebdita Danas je poseban dan. Prvi je dan otkako je sud ove dr\u017eave legalizirao uvredljivi naziv &#8220;\u0160iptari&#8221;. Vrhovni sud u Beogradu odbio je da ministra Aleksandra Vulina proglasi krivim za diskriminaciju, uvredu i govor mr\u017enje prema Albancima. Odluka Apelacionog suda od [&hellip;]<\/p>\n","protected":false},"author":59,"featured_media":23696,"comment_status":"closed","ping_status":"closed","sticky":false,"template":"","format":"video","meta":{"inline_featured_image":false,"footnotes":""},"categories":[376,40,37],"tags":[],"class_list":{"0":"post-23693","1":"post","2":"type-post","3":"status-publish","4":"format-video","5":"has-post-thumbnail","7":"category-featured","8":"category-region","9":"category-vijesti","10":"post_format-post-format-video"},"acf":[],"_links":{"self":[{"href":"https:\/\/tvsensor.com\/api\/wp\/v2\/posts\/23693","targetHints":{"allow":["GET"]}}],"collection":[{"href":"https:\/\/tvsensor.com\/api\/wp\/v2\/posts"}],"about":[{"href":"https:\/\/tvsensor.com\/api\/wp\/v2\/types\/post"}],"author":[{"embeddable":true,"href":"https:\/\/tvsensor.com\/api\/wp\/v2\/users\/59"}],"replies":[{"embeddable":true,"href":"https:\/\/tvsensor.com\/api\/wp\/v2\/comments?post=23693"}],"version-history":[{"count":4,"href":"https:\/\/tvsensor.com\/api\/wp\/v2\/posts\/23693\/revisions"}],"predecessor-version":[{"id":23711,"href":"https:\/\/tvsensor.com\/api\/wp\/v2\/posts\/23693\/revisions\/23711"}],"wp:featuredmedia":[{"embeddable":true,"href":"https:\/\/tvsensor.com\/api\/wp\/v2\/media\/23696"}],"wp:attachment":[{"href":"https:\/\/tvsensor.com\/api\/wp\/v2\/media?parent=23693"}],"wp:term":[{"taxonomy":"category","embeddable":true,"href":"https:\/\/tvsensor.com\/api\/wp\/v2\/categories?post=23693"},{"taxonomy":"post_tag","embeddable":true,"href":"https:\/\/tvsensor.com\/api\/wp\/v2\/tags?post=23693"}],"curies":[{"name":"wp","href":"https:\/\/api.w.org\/{rel}","templated":true}]}}