{"id":23690,"date":"2021-02-09T20:10:55","date_gmt":"2021-02-09T19:10:55","guid":{"rendered":"https:\/\/senzor.ba\/?p=23690"},"modified":"2024-01-15T21:40:25","modified_gmt":"2024-01-15T20:40:25","slug":"erdogan-povlacenje-iz-libije-samo-ako-se-i-drugi-povuku","status":"publish","type":"post","link":"https:\/\/tvsensor.com\/clanak\/erdogan-povlacenje-iz-libije-samo-ako-se-i-drugi-povuku\/","title":{"rendered":"Erdogan: Povla\u010denje iz Libije samo ako se i drugi povuku"},"content":{"rendered":"\n<p>Turska \u0107e razmotriti povla\u010denje svojih snaga iz Libije ako se prvo povuku i drugi strani vojnici, rekao je danas turski predsjednik Red\u017eep Tajip Erdogan.<\/p>\n\n\n\n<p>Govore\u0107i na skupu u Ankari, Erdogan je rekao da su turske snage raspore\u0111ene u Libiji isklju\u010divo radi obuke snaga lojalnih me\u0111unarodno priznatoj Vladi nacionalnog jedinstva \/GNA\/, \u010dije je sjedi\u0161te u Tripoliju.<\/p>\n\n\n\n<p>Reuters<\/p>\n","protected":false},"excerpt":{"rendered":"<p>Turska \u0107e razmotriti povla\u010denje svojih snaga iz Libije ako se prvo povuku i drugi strani vojnici, rekao je danas turski predsjednik Red\u017eep Tajip Erdogan. Govore\u0107i na skupu u Ankari, Erdogan je rekao da su turske snage raspore\u0111ene u Libiji isklju\u010divo radi obuke snaga lojalnih me\u0111unarodno priznatoj Vladi nacionalnog jedinstva \/GNA\/, \u010dije je sjedi\u0161te u Tripoliju. [&hellip;]<\/p>\n","protected":false},"author":7,"featured_media":23691,"comment_status":"closed","ping_status":"closed","sticky":false,"template":"","format":"standard","meta":{"inline_featured_image":false,"footnotes":""},"categories":[376,41,37],"tags":[],"class_list":{"0":"post-23690","1":"post","2":"type-post","3":"status-publish","4":"format-standard","5":"has-post-thumbnail","7":"category-featured","8":"category-svijet","9":"category-vijesti"},"acf":[],"_links":{"self":[{"href":"https:\/\/tvsensor.com\/api\/wp\/v2\/posts\/23690","targetHints":{"allow":["GET"]}}],"collection":[{"href":"https:\/\/tvsensor.com\/api\/wp\/v2\/posts"}],"about":[{"href":"https:\/\/tvsensor.com\/api\/wp\/v2\/types\/post"}],"author":[{"embeddable":true,"href":"https:\/\/tvsensor.com\/api\/wp\/v2\/users\/7"}],"replies":[{"embeddable":true,"href":"https:\/\/tvsensor.com\/api\/wp\/v2\/comments?post=23690"}],"version-history":[{"count":1,"href":"https:\/\/tvsensor.com\/api\/wp\/v2\/posts\/23690\/revisions"}],"predecessor-version":[{"id":23692,"href":"https:\/\/tvsensor.com\/api\/wp\/v2\/posts\/23690\/revisions\/23692"}],"wp:featuredmedia":[{"embeddable":true,"href":"https:\/\/tvsensor.com\/api\/wp\/v2\/media\/23691"}],"wp:attachment":[{"href":"https:\/\/tvsensor.com\/api\/wp\/v2\/media?parent=23690"}],"wp:term":[{"taxonomy":"category","embeddable":true,"href":"https:\/\/tvsensor.com\/api\/wp\/v2\/categories?post=23690"},{"taxonomy":"post_tag","embeddable":true,"href":"https:\/\/tvsensor.com\/api\/wp\/v2\/tags?post=23690"}],"curies":[{"name":"wp","href":"https:\/\/api.w.org\/{rel}","templated":true}]}}