{"id":23687,"date":"2021-02-09T20:05:50","date_gmt":"2021-02-09T19:05:50","guid":{"rendered":"https:\/\/senzor.ba\/?p=23687"},"modified":"2024-01-15T21:40:25","modified_gmt":"2024-01-15T20:40:25","slug":"ramic-ohr-mora-osigurati-postivanje-ljudskih-prava-manjinskih-povratnika","status":"publish","type":"post","link":"https:\/\/tvsensor.com\/clanak\/ramic-ohr-mora-osigurati-postivanje-ljudskih-prava-manjinskih-povratnika\/","title":{"rendered":"Rami\u0107: OHR mora osigurati po\u0161tivanje ljudskih prava manjinskih povratnika"},"content":{"rendered":"\n<p>Poslani\u010dka grupa \u201eZajedno za BiH\u201c u Narodnoj skup\u0161tini Republike Srpske (NSRS) pripremila je prijedlog zaklju\u010daka u vezi s podno\u0161enjem izvje\u0161taja visokog predstavnika o sprovo\u0111enju civilne implementacije mirovnog sporazuma u BiH za period 2009. &#8211; 2020. godine.<\/p>\n\n\n\n<p>Informacija u vezi sa zahtjevom za podno\u0161enje izvje\u0161taja visokog predstavnika o sprovo\u0111enju civilne implementacije mirovnog sporazuma u BiH za period 2009. &#8211; 2020. godine jedna je od ta\u010daka dnevnog reda dana\u0161nje sjednice NSRS.<\/p>\n\n\n\n<p>\u0160ef poslani\u010dke grupe \u201eZajedno za BiH\u201c Edin Rami\u0107 izjavio je Feni da se radi o tome da je Ured visokog predstavnika, izme\u0111u ostalog, obavezan da osigura po\u0161tivanje ljudskih prava, u ovom slu\u010daju manjinskih povratnika.<\/p>\n\n\n\n<p>&#8211; Posljednjih nekoliko godina imamo sistemsko kr\u0161enje ljudskih prava, kako individualnih tako i kolektivnih, manjinskih povratnika \u0161irom Bosne i Hercegovine, od diskriminacije u osnovnom obrazovanju koja se ti\u010de prije svega jezika, diskriminaciju u oblasti zapo\u0161ljavanja u javnim ustanovama. U posljednje vrijeme, nakon lokalnih izbora, kr\u0161enje Ustava i BiH i RS-a i Zakona o lokalnoj samoupravi po pitanju u\u010de\u0161\u0107a tih manjinskih povratnika u vr\u0161enju vlasti na lokalnom nivou, itd., &#8211; naveo je Rami\u0107.<\/p>\n\n\n\n<p>Po njegovim rije\u010dima, sve su to teme \u201ekoje visoki predstavnik potpuno ne primje\u0107uje\u201c.<\/p>\n\n\n\n<p>&#8211; Oni su, u ovom slu\u010daju, prije dan-dva, odlu\u010dili da se uklju\u010de aktivno u vezi s izbornim procesom u Mostaru. S druge strane, lokalne zajednice na podru\u010dju entiteta Republika Srpska, koje su potpuno posve\u0107e nepo\u0161tivanju prava povratnika, ne nailaze ni na kakvu pa\u017enju Ureda visokog predstavnika. Niz je drugih pitanja koja mislim da su sporna &#8211; kazao je Rami\u0107.<\/p>\n\n\n\n<p>Dodao je da \u0107e Poslani\u010dka grupa \u201eZajedno za BiH\u201c prijedlog zaklju\u010daka dostaviti nadle\u017enim slu\u017ebama onog momenta kada ta\u010dka dnevnog reda u vezi s informacijom bude na dnevnom redu, \u201enakon \u0161to se iscrpe preostale ta\u010dke, neki zakoni, izvje\u0161taji\u201c.<\/p>\n\n\n\n<p>&#8211; \u0160to se ti\u010de samog rada visokog predstavnika, razli\u010dito gledamo na ulogu visokog predstavnika. Dakle, predstavnici vlasti u Republici Srpskoj, vladaju\u0107e ve\u0107ine, pa i opozicije smatraju da on ne treba raditi ni\u0161ta, da se on ne treba petljati u svoj posao. Dok mi, s druge strane,&nbsp; koji smo predstavnici povratnika, o\u010dekujemo da Ured visokog predstavnika aktivno radi. Samo \u0161to o\u010dekujemo da u ovom slu\u010daju vr\u0161i svoju ulogu koja se izme\u0111u ostalog ogleda i u tome da osigura po\u0161tivanje individualnih i kolektivnih prava manjinskih povratnika &#8211; kazao je Rami\u0107.<\/p>\n\n\n\n<p>Fena<\/p>\n","protected":false},"excerpt":{"rendered":"<p>Poslani\u010dka grupa \u201eZajedno za BiH\u201c u Narodnoj skup\u0161tini Republike Srpske (NSRS) pripremila je prijedlog zaklju\u010daka u vezi s podno\u0161enjem izvje\u0161taja visokog predstavnika o sprovo\u0111enju civilne implementacije mirovnog sporazuma u BiH za period 2009. &#8211; 2020. godine. Informacija u vezi sa zahtjevom za podno\u0161enje izvje\u0161taja visokog predstavnika o sprovo\u0111enju civilne implementacije mirovnog sporazuma u BiH za [&hellip;]<\/p>\n","protected":false},"author":7,"featured_media":23688,"comment_status":"closed","ping_status":"closed","sticky":false,"template":"","format":"standard","meta":{"inline_featured_image":false,"footnotes":""},"categories":[376,37,38],"tags":[],"class_list":{"0":"post-23687","1":"post","2":"type-post","3":"status-publish","4":"format-standard","5":"has-post-thumbnail","7":"category-featured","8":"category-vijesti","9":"category-vijesti-iz-bih"},"acf":[],"_links":{"self":[{"href":"https:\/\/tvsensor.com\/api\/wp\/v2\/posts\/23687","targetHints":{"allow":["GET"]}}],"collection":[{"href":"https:\/\/tvsensor.com\/api\/wp\/v2\/posts"}],"about":[{"href":"https:\/\/tvsensor.com\/api\/wp\/v2\/types\/post"}],"author":[{"embeddable":true,"href":"https:\/\/tvsensor.com\/api\/wp\/v2\/users\/7"}],"replies":[{"embeddable":true,"href":"https:\/\/tvsensor.com\/api\/wp\/v2\/comments?post=23687"}],"version-history":[{"count":1,"href":"https:\/\/tvsensor.com\/api\/wp\/v2\/posts\/23687\/revisions"}],"predecessor-version":[{"id":23689,"href":"https:\/\/tvsensor.com\/api\/wp\/v2\/posts\/23687\/revisions\/23689"}],"wp:featuredmedia":[{"embeddable":true,"href":"https:\/\/tvsensor.com\/api\/wp\/v2\/media\/23688"}],"wp:attachment":[{"href":"https:\/\/tvsensor.com\/api\/wp\/v2\/media?parent=23687"}],"wp:term":[{"taxonomy":"category","embeddable":true,"href":"https:\/\/tvsensor.com\/api\/wp\/v2\/categories?post=23687"},{"taxonomy":"post_tag","embeddable":true,"href":"https:\/\/tvsensor.com\/api\/wp\/v2\/tags?post=23687"}],"curies":[{"name":"wp","href":"https:\/\/api.w.org\/{rel}","templated":true}]}}