{"id":23657,"date":"2021-02-08T17:40:26","date_gmt":"2021-02-08T16:40:26","guid":{"rendered":"https:\/\/senzor.ba\/?p=23657"},"modified":"2024-01-15T21:40:26","modified_gmt":"2024-01-15T20:40:26","slug":"zabiljezeno-u-bih-dva-ministra-jedno-ministarstvo","status":"publish","type":"post","link":"https:\/\/tvsensor.com\/clanak\/zabiljezeno-u-bih-dva-ministra-jedno-ministarstvo\/","title":{"rendered":"Zabilje\u017eeno u BiH: Dva ministra \u2013 jedno ministarstvo"},"content":{"rendered":"\n<p><strong>U zgradi ministarstva unutra\u0161njih poslova Bosanskopodrinjskog kantona (BPK) Gora\u017ede, jutros su se pojavila dva ministra, smjenjena Nizama Ri\u0161ljanin i novoimenovani Nermin Kari\u0161ik.<\/strong><\/p>\n\n\n\n<p>Ri\u0161ljanin tvrdi da je o odr\u017eavanju 10. vanredne sjednice skup\u0161tinske ve\u0107ine kojom je predsjedavao Edim Fejzi\u0107 i na kojoj je donesena odluka o njenoj smjeni, saznala iz medija.<\/p>\n\n\n\n<p><strong>\u201eDo\u0161la sam na posao kako se od mene i o\u010dekivalo, obzirom na to da me niko nije obavjestio o doga\u0111ajima koji su se desili 5. februara odnosno na desetoj vanrednoj sjednici. Kada sam do\u0161la u MUP, predsjedavaju\u0107a Skup\u0161tine BPK Gora\u017ede Daliborka Milovi\u0107 dostavila je dopis MUP-u i Upravi policije u kojem je nazna\u010deno da se odluka o smjeni smatra ni\u0161tavnom te da u skladu s tim i postupamo. Za sada nemamo nikakve druge zvani\u010dne obavjesti\u201c,<\/strong>&nbsp;navodi Ri\u0161ljanin.<\/p>\n\n\n\n<p>Napominje da je odluka predsjedavaju\u0107e Skup\u0161tine BPK stigla ranije, nego ona koju je dostavila Vlada BPK.<\/p>\n\n\n\n<p><strong>\u201ePo tom pitanju nisam poduzela ni\u0161ta dok se situacija ne razrije\u0161i da jasno i precizno znamo na \u010demu smo kada je u pitanju smjena i imenovanje novog ministra. Mene o dolasku novog ministra niko zvani\u010dno nije obavjestio. \u010cula sam da se u zgradi ministar pojavio ali s obzirom da je i Uprava policije dobila Odluku predsjedavaju\u0107e Skup\u0161tine, oni su postupili po njoj. Dakle nisam zvani\u010dno obavje\u0161tena niti je dogovoren termin primopredaje i o\u010dekujem da zakonodavno tijelo da jasne upute kako postupati, a sve dok se to ne razjasni ja \u0107u odgovoriti na sve zadatke koji sleduju ministra unutra\u0161njih poslova jer ukoliko predsjedavaju\u0107a smatra da je ni\u0161tavno ja \u0107u njenu odluku po\u0161tivati sve dok se ne utvrdi druga\u010dije\u201c,<\/strong>&nbsp;isti\u010de smjenjena ministrica.<\/p>\n\n\n\n<p>Premijerka BPK Gora\u017ede Aida Obu\u0107a tvrdi kako je jutros dobila odluke Skup\u0161tine u kojoj se potvr\u0111uje smjena Nizame Ri\u0161ljanin.<\/p>\n\n\n\n<p><strong>\u201eZa Vladu BPK Gora\u017ede procedura imenovanja novog ministra je gotova stvar. Jutros sam u kabinet smijenjene ministrice poslala sve te odluke i mislim da nema nikakvih nejasno\u0107a oko toga\u201c,<\/strong>\u00a0kazala je premijerka BPK Gora\u017ede.<\/p>\n\n\n\n<p>Fena<\/p>\n","protected":false},"excerpt":{"rendered":"<p>U zgradi ministarstva unutra\u0161njih poslova Bosanskopodrinjskog kantona (BPK) Gora\u017ede, jutros su se pojavila dva ministra, smjenjena Nizama Ri\u0161ljanin i novoimenovani Nermin Kari\u0161ik. Ri\u0161ljanin tvrdi da je o odr\u017eavanju 10. vanredne sjednice skup\u0161tinske ve\u0107ine kojom je predsjedavao Edim Fejzi\u0107 i na kojoj je donesena odluka o njenoj smjeni, saznala iz medija. \u201eDo\u0161la sam na posao kako [&hellip;]<\/p>\n","protected":false},"author":7,"featured_media":23659,"comment_status":"closed","ping_status":"closed","sticky":false,"template":"","format":"standard","meta":{"inline_featured_image":false,"footnotes":""},"categories":[376,234,37,38],"tags":[],"class_list":{"0":"post-23657","1":"post","2":"type-post","3":"status-publish","4":"format-standard","5":"has-post-thumbnail","7":"category-featured","8":"category-politika","9":"category-vijesti","10":"category-vijesti-iz-bih"},"acf":[],"_links":{"self":[{"href":"https:\/\/tvsensor.com\/api\/wp\/v2\/posts\/23657","targetHints":{"allow":["GET"]}}],"collection":[{"href":"https:\/\/tvsensor.com\/api\/wp\/v2\/posts"}],"about":[{"href":"https:\/\/tvsensor.com\/api\/wp\/v2\/types\/post"}],"author":[{"embeddable":true,"href":"https:\/\/tvsensor.com\/api\/wp\/v2\/users\/7"}],"replies":[{"embeddable":true,"href":"https:\/\/tvsensor.com\/api\/wp\/v2\/comments?post=23657"}],"version-history":[{"count":1,"href":"https:\/\/tvsensor.com\/api\/wp\/v2\/posts\/23657\/revisions"}],"predecessor-version":[{"id":23660,"href":"https:\/\/tvsensor.com\/api\/wp\/v2\/posts\/23657\/revisions\/23660"}],"wp:featuredmedia":[{"embeddable":true,"href":"https:\/\/tvsensor.com\/api\/wp\/v2\/media\/23659"}],"wp:attachment":[{"href":"https:\/\/tvsensor.com\/api\/wp\/v2\/media?parent=23657"}],"wp:term":[{"taxonomy":"category","embeddable":true,"href":"https:\/\/tvsensor.com\/api\/wp\/v2\/categories?post=23657"},{"taxonomy":"post_tag","embeddable":true,"href":"https:\/\/tvsensor.com\/api\/wp\/v2\/tags?post=23657"}],"curies":[{"name":"wp","href":"https:\/\/api.w.org\/{rel}","templated":true}]}}