{"id":23654,"date":"2021-02-08T16:09:23","date_gmt":"2021-02-08T15:09:23","guid":{"rendered":"https:\/\/senzor.ba\/?p=23654"},"modified":"2024-01-15T21:40:27","modified_gmt":"2024-01-15T20:40:27","slug":"dzaferovic-podrzao-protest-gradjana-kozarca","status":"publish","type":"post","link":"https:\/\/tvsensor.com\/clanak\/dzaferovic-podrzao-protest-gradjana-kozarca\/","title":{"rendered":"D\u017eaferovi\u0107 podr\u017eao protest gra\u0111ana Kozarca"},"content":{"rendered":"\n<p>Protesti gra\u0111ana Kozarca protiv trenutno predvi\u0111ene trase autoputa Prijedor &#8211; Banjaluka potpuno su opravdani i utemeljeni, te ih entitetske vlasti moraju uva\u017eiti, smatra \u010dlan Predsjedni\u0161tva Bosne i Hercegovine \u0160efik D\u017eaferovi\u0107.<\/p>\n\n\n\n<p><br>On je istakao da Kozarac predstavlja primjer uspje\u0161ne povratni\u010dke zajednice.<br>Odluka Kozar\u010dana da se vrate i obnove \u017eivot svoje zajednice, unato\u010d svemu \u0161to su pre\u017eivjeli, predstavlja neupitnu kategoriju koja je najsna\u017enije za\u0161ti\u0107ena Ustavom BiH, poru\u010dio je D\u017eaferovi\u0107.<\/p>\n\n\n\n<p><br>\u201cTrasa autoputa kojom se ugro\u017eavaju objekti i imovina gra\u0111ana Kozarca, kao i funkcioniranje same zajednice \u2013 ne smije biti uspostavljena van Ustava i van okvira demokratskih praksi. Mora se uva\u017eavati volja gra\u0111ana i lokalne zajednice, a ve\u0107 ranije su nadle\u017ene institucije RS-a i struka kazale da su zahtjevi opravdani, te su obe\u0107ale da \u0107e izmjestiti trasu van naselja. Ne znam za\u0161to to nije u\u010dinjeno\u201d, izjavio je D\u017eaferovi\u0107.<br>Gradnja puteva treba da olak\u0161a \u017eivot za 5.000 gra\u0111ana Kozarca, a ne da ote\u017ea, jednako kao \u0161to put treba da povezuje razli\u010dite dijelove BiH, a ne da unosi podjele i nepovjerenje, niti da dovodi do ponovnog raseljavanja.<br>O\u010dekujem od nadle\u017enih istanci vlasti u entitetu Republika Srpska da kroz demokratsku javnu raspravu utvrde rje\u0161enje, koje \u0107e osigurati izgradnju puta, bez ugro\u017eavanja prava i nano\u0161enja \u0161tete Kozarcu i Kozar\u010danima, istakao je D\u017eaferovi\u0107, saop\u0107eno je iz njegovog Kabineta.<\/p>\n\n\n\n<p>N1<\/p>\n","protected":false},"excerpt":{"rendered":"<p>Protesti gra\u0111ana Kozarca protiv trenutno predvi\u0111ene trase autoputa Prijedor &#8211; Banjaluka potpuno su opravdani i utemeljeni, te ih entitetske vlasti moraju uva\u017eiti, smatra \u010dlan Predsjedni\u0161tva Bosne i Hercegovine \u0160efik D\u017eaferovi\u0107. On je istakao da Kozarac predstavlja primjer uspje\u0161ne povratni\u010dke zajednice.Odluka Kozar\u010dana da se vrate i obnove \u017eivot svoje zajednice, unato\u010d svemu \u0161to su pre\u017eivjeli, predstavlja [&hellip;]<\/p>\n","protected":false},"author":7,"featured_media":23655,"comment_status":"closed","ping_status":"closed","sticky":false,"template":"","format":"standard","meta":{"inline_featured_image":false,"footnotes":""},"categories":[376,37,38],"tags":[],"class_list":{"0":"post-23654","1":"post","2":"type-post","3":"status-publish","4":"format-standard","5":"has-post-thumbnail","7":"category-featured","8":"category-vijesti","9":"category-vijesti-iz-bih"},"acf":[],"_links":{"self":[{"href":"https:\/\/tvsensor.com\/api\/wp\/v2\/posts\/23654","targetHints":{"allow":["GET"]}}],"collection":[{"href":"https:\/\/tvsensor.com\/api\/wp\/v2\/posts"}],"about":[{"href":"https:\/\/tvsensor.com\/api\/wp\/v2\/types\/post"}],"author":[{"embeddable":true,"href":"https:\/\/tvsensor.com\/api\/wp\/v2\/users\/7"}],"replies":[{"embeddable":true,"href":"https:\/\/tvsensor.com\/api\/wp\/v2\/comments?post=23654"}],"version-history":[{"count":1,"href":"https:\/\/tvsensor.com\/api\/wp\/v2\/posts\/23654\/revisions"}],"predecessor-version":[{"id":23656,"href":"https:\/\/tvsensor.com\/api\/wp\/v2\/posts\/23654\/revisions\/23656"}],"wp:featuredmedia":[{"embeddable":true,"href":"https:\/\/tvsensor.com\/api\/wp\/v2\/media\/23655"}],"wp:attachment":[{"href":"https:\/\/tvsensor.com\/api\/wp\/v2\/media?parent=23654"}],"wp:term":[{"taxonomy":"category","embeddable":true,"href":"https:\/\/tvsensor.com\/api\/wp\/v2\/categories?post=23654"},{"taxonomy":"post_tag","embeddable":true,"href":"https:\/\/tvsensor.com\/api\/wp\/v2\/tags?post=23654"}],"curies":[{"name":"wp","href":"https:\/\/api.w.org\/{rel}","templated":true}]}}