{"id":23647,"date":"2021-02-08T16:02:12","date_gmt":"2021-02-08T15:02:12","guid":{"rendered":"https:\/\/senzor.ba\/?p=23647"},"modified":"2024-01-15T21:40:27","modified_gmt":"2024-01-15T20:40:27","slug":"valentin-inzko-gradonacelnik-mostara-se-bira-tajno-ponistava-se-prvi-krug-glasanja","status":"publish","type":"post","link":"https:\/\/tvsensor.com\/clanak\/valentin-inzko-gradonacelnik-mostara-se-bira-tajno-ponistava-se-prvi-krug-glasanja\/","title":{"rendered":"Oglasio se OHR: Gradona\u010delnik Mostara se bira tajno, poni\u0161tava se prvi krug glasanja"},"content":{"rendered":"\n<p>Visoki predstavnik u BiH Valentin Inzko izdao je preporuku koja prakti\u010dno zna\u010di poni\u0161tavanje prvog kruga glasanja za gradona\u010delnika Mostara te \u0107e se kompletna procedura morati ponoviti, ovaj put tajno.Gradsko vije\u0107e Mostara u petak je javno glasalo za gradona\u010delnika. Tada su u drugi krug pro\u0161li kandidati Mario Kordi\u0107 iz HDZ-a BiH i Zlatko Guzin iz SDA, dok je iz utrke ispala Irma Baralija.<\/p>\n\n\n\n<p>Inzko je svoju odluku o poni\u0161tavanju glasova donio danas, uz obrazlo\u017eenje da koristi svoje ovlasti jer se glasanje u prvom krugu nije provelo prema Statutu.<\/p>\n\n\n\n<figure class=\"wp-block-image\"><img decoding=\"async\" src=\"https:\/\/static.klix.ba\/media\/images\/vijesti\/210208105.1_mn.jpg?v=1\" alt=\"\"\/><\/figure>\n\n\n\n<p>Na identi\u010dan na\u010din Inzko je postupio i 2009. godine, kada je nalo\u017eio da se tajno izabere novi gradona\u010delnik<\/p>\n\n\n\n<p>To zna\u010di da \u0107e se ponovo morati organizirati prvi krug glasanja gdje \u0107e vije\u0107nici sada tajno birati izme\u0111u Irme Baralije, Zlatka Guzina, i Marija Kordi\u0107a.<\/p>\n\n\n\n<p>Klix<\/p>\n","protected":false},"excerpt":{"rendered":"<p>Visoki predstavnik u BiH Valentin Inzko izdao je preporuku koja prakti\u010dno zna\u010di poni\u0161tavanje prvog kruga glasanja za gradona\u010delnika Mostara te \u0107e se kompletna procedura morati ponoviti, ovaj put tajno.Gradsko vije\u0107e Mostara u petak je javno glasalo za gradona\u010delnika. Tada su u drugi krug pro\u0161li kandidati Mario Kordi\u0107 iz HDZ-a BiH i Zlatko Guzin iz SDA, [&hellip;]<\/p>\n","protected":false},"author":7,"featured_media":23649,"comment_status":"closed","ping_status":"closed","sticky":false,"template":"","format":"standard","meta":{"inline_featured_image":false,"footnotes":""},"categories":[376,234,37,38],"tags":[],"class_list":{"0":"post-23647","1":"post","2":"type-post","3":"status-publish","4":"format-standard","5":"has-post-thumbnail","7":"category-featured","8":"category-politika","9":"category-vijesti","10":"category-vijesti-iz-bih"},"acf":[],"_links":{"self":[{"href":"https:\/\/tvsensor.com\/api\/wp\/v2\/posts\/23647","targetHints":{"allow":["GET"]}}],"collection":[{"href":"https:\/\/tvsensor.com\/api\/wp\/v2\/posts"}],"about":[{"href":"https:\/\/tvsensor.com\/api\/wp\/v2\/types\/post"}],"author":[{"embeddable":true,"href":"https:\/\/tvsensor.com\/api\/wp\/v2\/users\/7"}],"replies":[{"embeddable":true,"href":"https:\/\/tvsensor.com\/api\/wp\/v2\/comments?post=23647"}],"version-history":[{"count":3,"href":"https:\/\/tvsensor.com\/api\/wp\/v2\/posts\/23647\/revisions"}],"predecessor-version":[{"id":23652,"href":"https:\/\/tvsensor.com\/api\/wp\/v2\/posts\/23647\/revisions\/23652"}],"wp:featuredmedia":[{"embeddable":true,"href":"https:\/\/tvsensor.com\/api\/wp\/v2\/media\/23649"}],"wp:attachment":[{"href":"https:\/\/tvsensor.com\/api\/wp\/v2\/media?parent=23647"}],"wp:term":[{"taxonomy":"category","embeddable":true,"href":"https:\/\/tvsensor.com\/api\/wp\/v2\/categories?post=23647"},{"taxonomy":"post_tag","embeddable":true,"href":"https:\/\/tvsensor.com\/api\/wp\/v2\/tags?post=23647"}],"curies":[{"name":"wp","href":"https:\/\/api.w.org\/{rel}","templated":true}]}}