{"id":23644,"date":"2021-02-08T15:19:05","date_gmt":"2021-02-08T14:19:05","guid":{"rendered":"https:\/\/senzor.ba\/?p=23644"},"modified":"2024-01-15T21:40:27","modified_gmt":"2024-01-15T20:40:27","slug":"podrska-inzku-i-poziv-da-proglasi-zakon-o-zabrani-negiranja-genocida","status":"publish","type":"post","link":"https:\/\/tvsensor.com\/clanak\/podrska-inzku-i-poziv-da-proglasi-zakon-o-zabrani-negiranja-genocida\/","title":{"rendered":"Podr\u0161ka Inzku i poziv da proglasi zakon o zabrani negiranja genocida"},"content":{"rendered":"\n<p>Udru\u017eenje \u017ertava i svjedoka genocida i&nbsp;Udru\u017eenje Pokret majke enklava Srebenica i \u017depa izrazili su&nbsp;punu podr\u0161ku visokom predstavniku Valentinu Inzku na dosada ura\u0111enom, te ga pozivali da proglasi zakon o zabrani negiranja genocida.<\/p>\n\n\n\n<p>Prate\u0107i rad visokog predstavnika u BiH, od njegovog dolaska pa do danas, kako navode iz ovih udru\u017eenja, mora se ista\u0107i upornost i kontinuitet prozivanja svi onih koji su ru\u0161ili ustavni poredak BiH. Svi izvje\u0161taji visokog predstavnika Vije\u0107u sigurnosti UN-a, izazivali su pravu paniku kod negatora genocida. Nisu se ustru\u010davali da Valentina Inzka nazivaju pogrdnim imenima, da ga nazivaju zlo\u010dincem.<\/p>\n\n\n\n<p>\u2013 Na\u017ealost, podr\u0161ka me\u0111unarodne zajednice je u prethodnom periodu izostala, pa samim tim Inzko nije imao podr\u0161ku za dono\u0161enje sna\u017enijih odluka. U zadnje vrijeme do\u0161lo je do zna\u010dajnije podr\u0161ke me\u0111unarodne zajednice. O\u010dito je da su silni izvje\u0161taji Vije\u0107u sigurnosti do\u0161li do onih koji odlu\u010duju \u2013 isti\u010du iz ovih udru\u017eenja.&nbsp;<\/p>\n\n\n\n<p>Skidanje plo\u010de sa studentskog doma na Palama, zahtjev Skup\u0161tini RS-a da oduzme priznanja presu\u0111enim ratnim zlo\u010dincima i na kraju podr\u0161ka generalnog sekretara UN-a je, smatraju ova udru\u017eenja, dovoljan znak da je do\u0161lo kona\u010dno vrijeme da Inzko u \u0161to kra\u0107em vremenu proglasi zakon o zabrani negiranja genocida. To bi svakako, poru\u010duju, bio najve\u0107i rezultat rada visokog predstavnika u BiH.<\/p>\n\n\n\n<p>FENA<\/p>\n","protected":false},"excerpt":{"rendered":"<p>Udru\u017eenje \u017ertava i svjedoka genocida i&nbsp;Udru\u017eenje Pokret majke enklava Srebenica i \u017depa izrazili su&nbsp;punu podr\u0161ku visokom predstavniku Valentinu Inzku na dosada ura\u0111enom, te ga pozivali da proglasi zakon o zabrani negiranja genocida. Prate\u0107i rad visokog predstavnika u BiH, od njegovog dolaska pa do danas, kako navode iz ovih udru\u017eenja, mora se ista\u0107i upornost i kontinuitet [&hellip;]<\/p>\n","protected":false},"author":7,"featured_media":23645,"comment_status":"closed","ping_status":"closed","sticky":false,"template":"","format":"standard","meta":{"inline_featured_image":false,"footnotes":""},"categories":[376,37,38],"tags":[],"class_list":{"0":"post-23644","1":"post","2":"type-post","3":"status-publish","4":"format-standard","5":"has-post-thumbnail","7":"category-featured","8":"category-vijesti","9":"category-vijesti-iz-bih"},"acf":[],"_links":{"self":[{"href":"https:\/\/tvsensor.com\/api\/wp\/v2\/posts\/23644","targetHints":{"allow":["GET"]}}],"collection":[{"href":"https:\/\/tvsensor.com\/api\/wp\/v2\/posts"}],"about":[{"href":"https:\/\/tvsensor.com\/api\/wp\/v2\/types\/post"}],"author":[{"embeddable":true,"href":"https:\/\/tvsensor.com\/api\/wp\/v2\/users\/7"}],"replies":[{"embeddable":true,"href":"https:\/\/tvsensor.com\/api\/wp\/v2\/comments?post=23644"}],"version-history":[{"count":1,"href":"https:\/\/tvsensor.com\/api\/wp\/v2\/posts\/23644\/revisions"}],"predecessor-version":[{"id":23646,"href":"https:\/\/tvsensor.com\/api\/wp\/v2\/posts\/23644\/revisions\/23646"}],"wp:featuredmedia":[{"embeddable":true,"href":"https:\/\/tvsensor.com\/api\/wp\/v2\/media\/23645"}],"wp:attachment":[{"href":"https:\/\/tvsensor.com\/api\/wp\/v2\/media?parent=23644"}],"wp:term":[{"taxonomy":"category","embeddable":true,"href":"https:\/\/tvsensor.com\/api\/wp\/v2\/categories?post=23644"},{"taxonomy":"post_tag","embeddable":true,"href":"https:\/\/tvsensor.com\/api\/wp\/v2\/tags?post=23644"}],"curies":[{"name":"wp","href":"https:\/\/api.w.org\/{rel}","templated":true}]}}