{"id":23641,"date":"2021-02-08T15:15:41","date_gmt":"2021-02-08T14:15:41","guid":{"rendered":"https:\/\/senzor.ba\/?p=23641"},"modified":"2024-01-15T21:40:27","modified_gmt":"2024-01-15T20:40:27","slug":"sad-se-vraca-u-savjet-za-ljudska-prava-un-a-kao-posmatrac","status":"publish","type":"post","link":"https:\/\/tvsensor.com\/clanak\/sad-se-vraca-u-savjet-za-ljudska-prava-un-a-kao-posmatrac\/","title":{"rendered":"SAD se vra\u0107a u Savjet za ljudska prava UN-a kao posmatra\u010d"},"content":{"rendered":"\n<p>Sjedinjene Ameri\u010dke Dr\u017eave su u ponedjeljak najavile da \u0107e se ponovno uklju\u010diti u Savjet Ujedinjenih nacija za ljudska prava kao posmatra\u010d.<\/p>\n\n\n\n<p>Mark Cassayre, otpravnik poslova u ameri\u010dkoj misiji pri UN-u u \u017denevi, objavio je to na kraju zasjedanja Savjeta u ponedjeljak.<\/p>\n\n\n\n<p>&#8220;Drago mi je informisati vas da \u0107e sekretar (Antony) Blinken najaviti da \u0107e se Sjedinjene Dr\u017eave ponovno uklju\u010diti u Savjet Ujedinjenih nacija za ljudska prava kao posmatra\u010d. \u010cinimo to znaju\u0107i da je najefikasniji na\u010din&nbsp;za reforme i pobolj\u0161anja Savjeta principijelno anga\u017eovanje u njegovom radu&#8221;, rekao je Cassayre.<\/p>\n\n\n\n<p>Administracija biv\u0161eg predsjednika Donalda Trumpa povukla je SAD iz Savjeta za ljudska prava 2018. godine.<\/p>\n\n\n\n<p>AA<\/p>\n","protected":false},"excerpt":{"rendered":"<p>Sjedinjene Ameri\u010dke Dr\u017eave su u ponedjeljak najavile da \u0107e se ponovno uklju\u010diti u Savjet Ujedinjenih nacija za ljudska prava kao posmatra\u010d. Mark Cassayre, otpravnik poslova u ameri\u010dkoj misiji pri UN-u u \u017denevi, objavio je to na kraju zasjedanja Savjeta u ponedjeljak. &#8220;Drago mi je informisati vas da \u0107e sekretar (Antony) Blinken najaviti da \u0107e se [&hellip;]<\/p>\n","protected":false},"author":7,"featured_media":23642,"comment_status":"closed","ping_status":"closed","sticky":false,"template":"","format":"standard","meta":{"inline_featured_image":false,"footnotes":""},"categories":[376,41,37],"tags":[],"class_list":{"0":"post-23641","1":"post","2":"type-post","3":"status-publish","4":"format-standard","5":"has-post-thumbnail","7":"category-featured","8":"category-svijet","9":"category-vijesti"},"acf":[],"_links":{"self":[{"href":"https:\/\/tvsensor.com\/api\/wp\/v2\/posts\/23641","targetHints":{"allow":["GET"]}}],"collection":[{"href":"https:\/\/tvsensor.com\/api\/wp\/v2\/posts"}],"about":[{"href":"https:\/\/tvsensor.com\/api\/wp\/v2\/types\/post"}],"author":[{"embeddable":true,"href":"https:\/\/tvsensor.com\/api\/wp\/v2\/users\/7"}],"replies":[{"embeddable":true,"href":"https:\/\/tvsensor.com\/api\/wp\/v2\/comments?post=23641"}],"version-history":[{"count":1,"href":"https:\/\/tvsensor.com\/api\/wp\/v2\/posts\/23641\/revisions"}],"predecessor-version":[{"id":23643,"href":"https:\/\/tvsensor.com\/api\/wp\/v2\/posts\/23641\/revisions\/23643"}],"wp:featuredmedia":[{"embeddable":true,"href":"https:\/\/tvsensor.com\/api\/wp\/v2\/media\/23642"}],"wp:attachment":[{"href":"https:\/\/tvsensor.com\/api\/wp\/v2\/media?parent=23641"}],"wp:term":[{"taxonomy":"category","embeddable":true,"href":"https:\/\/tvsensor.com\/api\/wp\/v2\/categories?post=23641"},{"taxonomy":"post_tag","embeddable":true,"href":"https:\/\/tvsensor.com\/api\/wp\/v2\/tags?post=23641"}],"curies":[{"name":"wp","href":"https:\/\/api.w.org\/{rel}","templated":true}]}}