{"id":23638,"date":"2021-02-08T14:27:12","date_gmt":"2021-02-08T13:27:12","guid":{"rendered":"https:\/\/senzor.ba\/?p=23638"},"modified":"2024-01-15T21:40:27","modified_gmt":"2024-01-15T20:40:27","slug":"nakon-duzeg-zatisja-grad-tuzla-i-vlada-tk-u-zajednickim-projektima","status":"publish","type":"post","link":"https:\/\/tvsensor.com\/clanak\/nakon-duzeg-zatisja-grad-tuzla-i-vlada-tk-u-zajednickim-projektima\/","title":{"rendered":"Nakon du\u017eeg zati\u0161ja Grad Tuzla i Vlada TK u zajedni\u010dkim projektima"},"content":{"rendered":"\n<p>Nakon du\u017eeg zati\u0161ja uzrokovanog djelovanjem razli\u010ditih politi\u010dkih pravaca, Vlada Tuzlanskog kantona ponovo \u0107e intenzivirati saradnju sa Gradskom upravom Tuzla. Premijer ovog kantona, ali i \u010dlanovi Vlade odlu\u010dili su ustrajati u provo\u0111enju zajedni\u010dkih projekata, u svim gradskim sredinama i op\u0107inama kada su u pitanju projekti razvoja.<\/p>\n\n\n\n<h2 class=\"wp-block-heading\">Krenuli od Tuzle<\/h2>\n\n\n\n<p>Nakon nekoliko godina stanke i gradska i kantonalna struktura izrazile su zadovoljstvo \u0161to \u0107e ponovo zajedni\u010dke snage usmjeriti ka razvoju i pobolj\u0161anju uvjeta \u017eivota stanovnika Tuzle, ali i gra\u0111ana Tuzlanskog kantona.<\/p>\n\n\n\n<figure class=\"wp-block-image\"><img decoding=\"async\" src=\"https:\/\/federalna.ba\/storage\/photos\/1\/EPA\/1tk.jpg\" alt=\"\"\/><\/figure>\n\n\n\n<p>Planirana je realizacija razli\u010ditih projekata me\u0111u kojima su rekonstrukcija i izgradnja javnih objekata, projekti u oblasti zelenog plana, smanjenja zaga\u0111enja zraka, ali i promjena zakonskih normi koje su do sada spre\u010davale ravnomjernost razvoja na ovom podru\u010dju.<\/p>\n\n\n\n<p>&#8220;Vlada Tuzlanskog kantona je odlu\u010dna u sprovo\u0111enju politike ravnomjernog razvoja Tuzlanskog kantona i percepciji razvojnih potencijala po svim op\u0161tinama i gradovima TK&#8221;, kazao je premijer Tuzlanskog kantona Kadrija Hod\u017ei\u0107.<\/p>\n\n\n\n<p>Budu\u0107i da je premijer Tuzlanskog kantona prvi put u historiji Tuzlak, gradona\u010delnik ovog grada je istakao da je u ovom momentu najbitnije da Tuzla bude ravnopravna sa svim op\u0107inama i gradovima, \u0161to do sada u provo\u0111enju nekih projekata nije bio slu\u010daj.<\/p>\n\n\n\n<h2 class=\"wp-block-heading\"><strong>Rekreaciona zona<\/strong><\/h2>\n\n\n\n<p>&#8220;Govorili smo o prostornom planu Tuzlanskog kantona, o njegovoj izmjeni, procedura je u toku, o potrebi da se \u0161iri deponija Desetine, o potrebi jezera \u0160i\u0107ki Brod, Plane, Divkovi\u0107i, da to bude rekreaciona zona&#8221;, obja\u0161njava gradona\u010delnik Tuzle Jasmin Imamovi\u0107.<\/p>\n\n\n\n<p>S obzirom na to da je, pogotovo u zimskom periodu, na podru\u010dju Tuzle, ali i drugih op\u0107ina i gradova intenzivno zaga\u0111en zrak, jedan od prioritetnih zajedni\u010dkih zadataka su i mjere koje vode njegovom smanjenju. Tako\u0111er, intenzivno \u0107e se raditi na \u010di\u0161\u0107enju jezera Modrac.<\/p>\n\n\n\n<p>&#8220;Ne moram govoriti kolika je krucijalna va\u017enost tog na\u0161eg vodnog resursa, da je Spre\u010dko polje siroma\u0161no vodom i da je to resurs kojim se vodom snabdijevaju sva okolna mjesta&#8221;, nagla\u0161ava ministar prostornog ure\u0111enja i za\u0161tite okolice Tuzlanskog kantona Zvjezdan Karad\u017ein.<\/p>\n\n\n\n<p>Tako\u0111er, zajedni\u010dkim snagama u narednom periodu \u0107e se raditi na provo\u0111enju efikasnijeg rada i pravednije raspodjele prihoda, te ve\u0107oj podr\u0161ci sportu, kulturi, obrazovanju i zdravstvu.<\/p>\n\n\n\n<p>federalna.ba<\/p>\n","protected":false},"excerpt":{"rendered":"<p>Nakon du\u017eeg zati\u0161ja uzrokovanog djelovanjem razli\u010ditih politi\u010dkih pravaca, Vlada Tuzlanskog kantona ponovo \u0107e intenzivirati saradnju sa Gradskom upravom Tuzla. Premijer ovog kantona, ali i \u010dlanovi Vlade odlu\u010dili su ustrajati u provo\u0111enju zajedni\u010dkih projekata, u svim gradskim sredinama i op\u0107inama kada su u pitanju projekti razvoja. Krenuli od Tuzle Nakon nekoliko godina stanke i gradska i [&hellip;]<\/p>\n","protected":false},"author":7,"featured_media":23639,"comment_status":"closed","ping_status":"closed","sticky":false,"template":"","format":"standard","meta":{"inline_featured_image":false,"footnotes":""},"categories":[376,37,38],"tags":[],"class_list":{"0":"post-23638","1":"post","2":"type-post","3":"status-publish","4":"format-standard","5":"has-post-thumbnail","7":"category-featured","8":"category-vijesti","9":"category-vijesti-iz-bih"},"acf":[],"_links":{"self":[{"href":"https:\/\/tvsensor.com\/api\/wp\/v2\/posts\/23638","targetHints":{"allow":["GET"]}}],"collection":[{"href":"https:\/\/tvsensor.com\/api\/wp\/v2\/posts"}],"about":[{"href":"https:\/\/tvsensor.com\/api\/wp\/v2\/types\/post"}],"author":[{"embeddable":true,"href":"https:\/\/tvsensor.com\/api\/wp\/v2\/users\/7"}],"replies":[{"embeddable":true,"href":"https:\/\/tvsensor.com\/api\/wp\/v2\/comments?post=23638"}],"version-history":[{"count":1,"href":"https:\/\/tvsensor.com\/api\/wp\/v2\/posts\/23638\/revisions"}],"predecessor-version":[{"id":23640,"href":"https:\/\/tvsensor.com\/api\/wp\/v2\/posts\/23638\/revisions\/23640"}],"wp:featuredmedia":[{"embeddable":true,"href":"https:\/\/tvsensor.com\/api\/wp\/v2\/media\/23639"}],"wp:attachment":[{"href":"https:\/\/tvsensor.com\/api\/wp\/v2\/media?parent=23638"}],"wp:term":[{"taxonomy":"category","embeddable":true,"href":"https:\/\/tvsensor.com\/api\/wp\/v2\/categories?post=23638"},{"taxonomy":"post_tag","embeddable":true,"href":"https:\/\/tvsensor.com\/api\/wp\/v2\/tags?post=23638"}],"curies":[{"name":"wp","href":"https:\/\/api.w.org\/{rel}","templated":true}]}}