{"id":23630,"date":"2021-02-08T14:18:25","date_gmt":"2021-02-08T13:18:25","guid":{"rendered":"https:\/\/senzor.ba\/?p=23630"},"modified":"2024-01-15T21:40:28","modified_gmt":"2024-01-15T20:40:28","slug":"37-godina-od-otvaranja-zimskih-olimpijskih-igara-u-sarajevu","status":"publish","type":"post","link":"https:\/\/tvsensor.com\/clanak\/37-godina-od-otvaranja-zimskih-olimpijskih-igara-u-sarajevu\/","title":{"rendered":"37 godina od otvaranja Zimskih olimpijskih igara u Sarajevu"},"content":{"rendered":"\n<p>Prije 37 godina u Sarajevu je po\u010deo najve\u0107i svjetski sportski doga\u0111aj \u2013 Zimske olimpijske igre.<\/p>\n\n\n\n<p>Od 8. do 19. februara 1984. godine Sarajevo je bilo centar svijeta i predstavilo se u najboljem svjetlu i pored ekonomske krize koja je zahvatila biv\u0161u Jugoslaviju po\u010detkom 80-ih godina pro\u0161log stolje\u0107a.<\/p>\n\n\n\n<p>Sarajevo je na op\u0107e iznena\u0111enje dobilo organizaciju XIV Zimskih olimpijskih igara 8. maja 1978. na sjednici Me\u0111unarodnog olimpijskog komiteta u Atini u konkurenciji japanskog Sappora i \u0161vedskog G\u00f6teborga.<\/p>\n\n\n\n<p>Od tog momenta Sarajevo je postalo jedno veliko gradili\u0161te, a za samo pet godina je sagra\u0111ena Zetra, obnovljeni su Skenderija i stadion Ko\u0161evo, sagra\u0111eno je Olimpijsko selo na Mojmilu\u2026 \u010citav grad je \u017eivio za to.<\/p>\n\n\n\n<figure class=\"wp-block-embed is-type-video is-provider-youtube wp-block-embed-youtube wp-embed-aspect-16-9 wp-has-aspect-ratio\"><div class=\"wp-block-embed__wrapper\">\n<iframe loading=\"lazy\" title=\"Zimske olimpijske igre, Sarajevo 1984\" width=\"696\" height=\"392\" src=\"https:\/\/www.youtube.com\/embed\/Le9gUGadpBw?feature=oembed\" frameborder=\"0\" allow=\"accelerometer; autoplay; clipboard-write; encrypted-media; gyroscope; picture-in-picture\" allowfullscreen><\/iframe>\n<\/div><\/figure>\n\n\n\n<p>Za maskotu je izabran vuk Vu\u010dko, \u010dije je legendarno i svugdje prepoznatljivo \u201cSarajevooooo\u2026\u201d otpjevao Zdravko \u010coli\u0107.<\/p>\n\n\n\n<p>Samo dan pred otvaranje igara u Sarajevu nije bilo snijega te je panika po\u010dela polako hvatati organizatore. A onda se desilo \u010dudo \u2013 snijeg je u no\u0107i sa 7. na 8. februar zapadao toliko jako da se na dan odr\u017eavanja ceremonije otvaranja igara umjesto paljenja topova za pravljenje vje\u0161ta\u010dkog snijega tra\u017eila \u201clopata vi\u0161e\u201d kako bi se vi\u0161ak snijega o\u010distio s ulica i sportskih borili\u0161ta.<\/p>\n\n\n\n<p>Gra\u0111ani su uz pomo\u0107 vojske u ekspresnom roku o\u010distili sva borili\u0161ta na Jahorini, Bjela\u0161nici, Igmanu i Trebevi\u0107u i doveli ih u savr\u0161eno stanje za takmi\u010denja.<\/p>\n\n\n\n<p>Olimpijski plamen na stadionu Ko\u0161evo je zapalila Sanda Dubrav\u010di\u0107 nakon \u0161to je prije nje olimpijsku baklju pronijelo 1.599 ljudi.<\/p>\n\n\n\n<p>Na igrama je u\u010destvovalo 1.272 sportista iz 49 zemalja, a prvi put se u historiji olimpijskih igara na njima pojavio i jedan afri\u010dki skija\u0161, Lamine Gueye iz Senegala.<\/p>\n\n\n\n<p>\u010citava biv\u0161a Jugoslavija je najve\u0107e nade polagala u ski-skaka\u010da Primo\u017ea Ulagu i skija\u0161a Bojana Kri\u017eaja, no oni su podbacili, a u heroja je promovisan Jure Franko, koji je osvojio srebro u veleslalomu i na taj na\u010din Jugoslaviji donio prvu medalju na zimskim olimpijskim igrama u historiji.<\/p>\n\n\n\n<figure class=\"wp-block-embed is-type-video is-provider-youtube wp-block-embed-youtube wp-embed-aspect-4-3 wp-has-aspect-ratio\"><div class=\"wp-block-embed__wrapper\">\n<iframe loading=\"lazy\" title=\"Trebevic 1984 Bob staza, dvosjed\" width=\"696\" height=\"522\" src=\"https:\/\/www.youtube.com\/embed\/hNeuB3tGSfI?feature=oembed\" frameborder=\"0\" allow=\"accelerometer; autoplay; clipboard-write; encrypted-media; gyroscope; picture-in-picture\" allowfullscreen><\/iframe>\n<\/div><\/figure>\n\n\n\n<p>Prve zvijezde igara bili su Jayne Torvill i Christopher Dean koji su zahvaljuju\u0107i nenadma\u0161noj izvedbi \u201cBolera\u201d postali prvi i do sada jedini par u historiji koji je dobio savr\u0161en skor u umjetni\u010dkom klizanju na olimpijskim igrama.<\/p>\n\n\n\n<p>Najuspje\u0161nije dr\u017eave bile su tada\u0161nji Isto\u010dna Njema\u010dka (9 zlatnih, 9 srebrenih i 6 bronzanih medalja) i SSSR (6 zlatnih, 10 srebrenih i 9 bronzanih medalja).<\/p>\n\n\n\n<p>Igre, koje su ocijenjene najuspje\u0161nije organizovanim do tada, su zatvorene 19. februara u Zetri pred 8.000 posjetilaca uz \u010duvenu re\u010denicu Juana Antonija Samarancha \u201cDovi\u0111enja, drago Sarajevo\u201d.<\/p>\n\n\n\n<p>Na\u017ealost, samo osam godina kasnije po\u010dela je agresija na Bosnu i Hercegovinu, a skoro sva sportska borili\u0161ta sa ZOI 1984. su sru\u0161ena. Neka poput Zetre su obnovljena, dok razru\u0161ene bob-staza na Trebevi\u0107u i skakaonice na Igmanu ostaju da svjedo\u010de istovremeno o ljepoti te \u010darobne 1984. godine i svemu ru\u017enom \u0161to se desilo osam godina kasnije \u2013 pi\u0161e Klix.<\/p>\n","protected":false},"excerpt":{"rendered":"<p>Prije 37 godina u Sarajevu je po\u010deo najve\u0107i svjetski sportski doga\u0111aj \u2013 Zimske olimpijske igre. Od 8. do 19. februara 1984. godine Sarajevo je bilo centar svijeta i predstavilo se u najboljem svjetlu i pored ekonomske krize koja je zahvatila biv\u0161u Jugoslaviju po\u010detkom 80-ih godina pro\u0161log stolje\u0107a. Sarajevo je na op\u0107e iznena\u0111enje dobilo organizaciju XIV [&hellip;]<\/p>\n","protected":false},"author":7,"featured_media":23633,"comment_status":"closed","ping_status":"closed","sticky":false,"template":"","format":"standard","meta":{"inline_featured_image":false,"footnotes":""},"categories":[376,61],"tags":[],"class_list":{"0":"post-23630","1":"post","2":"type-post","3":"status-publish","4":"format-standard","5":"has-post-thumbnail","7":"category-featured","8":"category-sport"},"acf":[],"_links":{"self":[{"href":"https:\/\/tvsensor.com\/api\/wp\/v2\/posts\/23630","targetHints":{"allow":["GET"]}}],"collection":[{"href":"https:\/\/tvsensor.com\/api\/wp\/v2\/posts"}],"about":[{"href":"https:\/\/tvsensor.com\/api\/wp\/v2\/types\/post"}],"author":[{"embeddable":true,"href":"https:\/\/tvsensor.com\/api\/wp\/v2\/users\/7"}],"replies":[{"embeddable":true,"href":"https:\/\/tvsensor.com\/api\/wp\/v2\/comments?post=23630"}],"version-history":[{"count":1,"href":"https:\/\/tvsensor.com\/api\/wp\/v2\/posts\/23630\/revisions"}],"predecessor-version":[{"id":23634,"href":"https:\/\/tvsensor.com\/api\/wp\/v2\/posts\/23630\/revisions\/23634"}],"wp:featuredmedia":[{"embeddable":true,"href":"https:\/\/tvsensor.com\/api\/wp\/v2\/media\/23633"}],"wp:attachment":[{"href":"https:\/\/tvsensor.com\/api\/wp\/v2\/media?parent=23630"}],"wp:term":[{"taxonomy":"category","embeddable":true,"href":"https:\/\/tvsensor.com\/api\/wp\/v2\/categories?post=23630"},{"taxonomy":"post_tag","embeddable":true,"href":"https:\/\/tvsensor.com\/api\/wp\/v2\/tags?post=23630"}],"curies":[{"name":"wp","href":"https:\/\/api.w.org\/{rel}","templated":true}]}}