{"id":23627,"date":"2021-02-08T14:12:35","date_gmt":"2021-02-08T13:12:35","guid":{"rendered":"https:\/\/senzor.ba\/?p=23627"},"modified":"2024-01-15T21:40:28","modified_gmt":"2024-01-15T20:40:28","slug":"bosnjaci-kozarca-ako-izgrade-trasu-autoputa-bez-nase-saglasnosti-to-cemo-smatrati-etnickim-ciscenjem","status":"publish","type":"post","link":"https:\/\/tvsensor.com\/clanak\/bosnjaci-kozarca-ako-izgrade-trasu-autoputa-bez-nase-saglasnosti-to-cemo-smatrati-etnickim-ciscenjem\/","title":{"rendered":"Bo\u0161njaci Kozarca: Ako izgrade trasu autoputa bez na\u0161e saglasnosti, to \u0107emo smatrati etni\u010dkim \u010di\u0161\u0107enjem"},"content":{"rendered":"\n<p>Mje\u0161tani Kozarca iza\u0161li su na ulice kako bi poru\u010dili da gradnja trase autoputa Banja Luka \u2013 Prijedor jeste dobro do\u0161la, ali ne kroz njihova imanja.<\/p>\n\n\n\n<p>Naime, u mjestu Hrni\u0107i trebalo bi biti sru\u0161eno ukupno 97 ku\u0107a za \u0161to su mje\u0161tani saznali tek u martu. Niko ih ranije ni\u0161ta nije pitao.<\/p>\n\n\n\n<p>Oni su ranije najavili ove mirne proteste.<\/p>\n\n\n\n<p>Mje\u0161tani su nezadovoljni i poru\u010duju da \u0107e u svakom slu\u010daju tra\u017eiti svoja prava pa makar do\u0161li i do suda u Strazburu.<\/p>\n\n\n\n<p>Direktno optu\u017euju Milorada Dodika, predsjednika SNSD-a, stranke \u010diji kadrovi su trasirali sporni autoput.<\/p>\n\n\n\n<p>\u2013 Samo preko mene mrtve. Jo\u0161 ova korona, jo\u0161 zemlju da mi uzmi, pa da nemam \u0161ta jesti \u2013 kazala je mje\u0161tanka&nbsp;Tali\u0107 Rasima pojasniv\u0161i da bi trasa i\u0161la preko njenih polja te da ne bi imala gdje \u010duvati \u017eivotinje poput koko\u0161ki i koza od kojih \u017eivi.<\/p>\n\n\n\n<p>(Avaz)<\/p>\n","protected":false},"excerpt":{"rendered":"<p>Mje\u0161tani Kozarca iza\u0161li su na ulice kako bi poru\u010dili da gradnja trase autoputa Banja Luka \u2013 Prijedor jeste dobro do\u0161la, ali ne kroz njihova imanja. Naime, u mjestu Hrni\u0107i trebalo bi biti sru\u0161eno ukupno 97 ku\u0107a za \u0161to su mje\u0161tani saznali tek u martu. Niko ih ranije ni\u0161ta nije pitao. Oni su ranije najavili ove [&hellip;]<\/p>\n","protected":false},"author":7,"featured_media":23628,"comment_status":"closed","ping_status":"closed","sticky":false,"template":"","format":"standard","meta":{"inline_featured_image":false,"footnotes":""},"categories":[376,37,38],"tags":[],"class_list":{"0":"post-23627","1":"post","2":"type-post","3":"status-publish","4":"format-standard","5":"has-post-thumbnail","7":"category-featured","8":"category-vijesti","9":"category-vijesti-iz-bih"},"acf":[],"_links":{"self":[{"href":"https:\/\/tvsensor.com\/api\/wp\/v2\/posts\/23627","targetHints":{"allow":["GET"]}}],"collection":[{"href":"https:\/\/tvsensor.com\/api\/wp\/v2\/posts"}],"about":[{"href":"https:\/\/tvsensor.com\/api\/wp\/v2\/types\/post"}],"author":[{"embeddable":true,"href":"https:\/\/tvsensor.com\/api\/wp\/v2\/users\/7"}],"replies":[{"embeddable":true,"href":"https:\/\/tvsensor.com\/api\/wp\/v2\/comments?post=23627"}],"version-history":[{"count":1,"href":"https:\/\/tvsensor.com\/api\/wp\/v2\/posts\/23627\/revisions"}],"predecessor-version":[{"id":23629,"href":"https:\/\/tvsensor.com\/api\/wp\/v2\/posts\/23627\/revisions\/23629"}],"wp:featuredmedia":[{"embeddable":true,"href":"https:\/\/tvsensor.com\/api\/wp\/v2\/media\/23628"}],"wp:attachment":[{"href":"https:\/\/tvsensor.com\/api\/wp\/v2\/media?parent=23627"}],"wp:term":[{"taxonomy":"category","embeddable":true,"href":"https:\/\/tvsensor.com\/api\/wp\/v2\/categories?post=23627"},{"taxonomy":"post_tag","embeddable":true,"href":"https:\/\/tvsensor.com\/api\/wp\/v2\/tags?post=23627"}],"curies":[{"name":"wp","href":"https:\/\/api.w.org\/{rel}","templated":true}]}}