{"id":23621,"date":"2021-02-08T14:08:20","date_gmt":"2021-02-08T13:08:20","guid":{"rendered":"https:\/\/senzor.ba\/?p=23621"},"modified":"2024-01-15T21:40:29","modified_gmt":"2024-01-15T20:40:29","slug":"feraget-i-memic-otkrili-spomen-plocu-na-munari-izgradjenoj-u-cast-ubijenog-dzenana-memica","status":"publish","type":"post","link":"https:\/\/tvsensor.com\/clanak\/feraget-i-memic-otkrili-spomen-plocu-na-munari-izgradjenoj-u-cast-ubijenog-dzenana-memica\/","title":{"rendered":"Feraget i Memi\u0107 otkrili spomen plo\u010du na munari izgra\u0111enoj u \u010dast ubijenog D\u017eenana Memi\u0107a"},"content":{"rendered":"\n<p>Danas je otkrivena spomen plo\u010da na munari d\u017eamije Mesd\u017eida Glavogodina. Gradnja d\u017eamije je finansirana novcem koji je prije smrti pripadao D\u017eenanu Memi\u0107u.<\/p>\n\n\n\n<p>Na spomen plo\u010di pi\u0161e:<\/p>\n\n\n\n<p>BISERNA SAM, \u010cISTA KAO DU\u0160A VAKUFA MOGA. USTALA DA SE \u010cUJE ISTINA, DA OLAK\u0160A SRCU ONIH \u010cIJA JE SUZA VOLJENOG VOLJENOM ISPRATILA. VISINA MOJA PRAVDI NEKA POMOGNE DA SE IZNAD ZULUMA UZDIGNE, A BIJELO LICE MOJE DA SE U TAMI I ZULUM I ZULUM\u010cAR OTKRIJE. VAKUF MOJ JE IZGRADNJU ZAPO\u010cEO, A PORODICA NJEGOVA U IME MILOSTIVOG ALEM POSTAVILA. VAKUF D\u017dENAN MEMI\u0106 2020.<\/p>\n\n\n\n<figure class=\"wp-block-image size-large\"><img loading=\"lazy\" decoding=\"async\" width=\"900\" height=\"1600\" src=\"https:\/\/tvsensor.com\/wp-content\/uploads\/2021\/02\/thumbnail_IMG-20210208-WA0010.jpg\" alt=\"\" class=\"wp-image-23624\" srcset=\"https:\/\/tvsensor.com\/wp-content\/uploads\/2021\/02\/thumbnail_IMG-20210208-WA0010.jpg 900w, https:\/\/tvsensor.com\/wp-content\/uploads\/2021\/02\/thumbnail_IMG-20210208-WA0010-84x150.jpg 84w, https:\/\/tvsensor.com\/wp-content\/uploads\/2021\/02\/thumbnail_IMG-20210208-WA0010-768x1365.jpg 768w, https:\/\/tvsensor.com\/wp-content\/uploads\/2021\/02\/thumbnail_IMG-20210208-WA0010-864x1536.jpg 864w, https:\/\/tvsensor.com\/wp-content\/uploads\/2021\/02\/thumbnail_IMG-20210208-WA0010-150x267.jpg 150w, https:\/\/tvsensor.com\/wp-content\/uploads\/2021\/02\/thumbnail_IMG-20210208-WA0010-300x533.jpg 300w, https:\/\/tvsensor.com\/wp-content\/uploads\/2021\/02\/thumbnail_IMG-20210208-WA0010-696x1237.jpg 696w\" sizes=\"auto, (max-width: 900px) 100vw, 900px\" \/><\/figure>\n\n\n\n<p>Spomen plo\u010du su otkrili otac stradalog mladi\u0107a Muriz Memi\u0107 i advokat Ifet Feraget.<\/p>\n\n\n\n<p>Poruku je uputio i Asada ef. Fo\u010do koji podr\u017eava porodicu Memi\u0107 u namjeri da se otkriju stvarni uzroci D\u017eenanove smrti.<\/p>\n\n\n\n<p>Munara je vakuf nama jednog \u010destitog mladi\u0107a, neka na\u0161 vakuf bude borba da se njegove ubice i njihovi pomaga\u010di kazne, poru\u010dio je ef. Fo\u010do.<\/p>\n\n\n\n<p>Oglasila i D\u017eenanova sestra Arijana uz objavu fotografije mesd\u017eida sa izgra\u0111enom munarom visoke 22 metra.<\/p>\n\n\n\n<p>Neka vje\u010dno sje\u0107a na jedno \u010disto srce. Hvala tebi, Uzvi\u0161eni Gospodaru! Na svemu Ti hvala, napisala je Arijana.<\/p>\n\n\n\n<p>Visina munare je simboli\u010dna jer je D\u017eenan prije ta\u010dno pet godina stradao u 22. godini u Velikoj aleji na Ilid\u017ei.<\/p>\n\n\n\n<figure class=\"wp-block-gallery columns-2 is-cropped wp-block-gallery-1 is-layout-flex wp-block-gallery-is-layout-flex\"><ul class=\"blocks-gallery-grid\"><li class=\"blocks-gallery-item\"><figure><img loading=\"lazy\" decoding=\"async\" width=\"900\" height=\"1600\" src=\"https:\/\/tvsensor.com\/wp-content\/uploads\/2021\/02\/IMG-20210208-WA0006.jpg\" alt=\"\" data-id=\"23623\" data-full-url=\"https:\/\/tvsensor.com\/wp-content\/uploads\/2021\/02\/IMG-20210208-WA0006.jpg\" data-link=\"https:\/\/tvsensor.com\/?attachment_id=23623\" class=\"wp-image-23623\" srcset=\"https:\/\/tvsensor.com\/wp-content\/uploads\/2021\/02\/IMG-20210208-WA0006.jpg 900w, https:\/\/tvsensor.com\/wp-content\/uploads\/2021\/02\/IMG-20210208-WA0006-84x150.jpg 84w, https:\/\/tvsensor.com\/wp-content\/uploads\/2021\/02\/IMG-20210208-WA0006-768x1365.jpg 768w, https:\/\/tvsensor.com\/wp-content\/uploads\/2021\/02\/IMG-20210208-WA0006-864x1536.jpg 864w, https:\/\/tvsensor.com\/wp-content\/uploads\/2021\/02\/IMG-20210208-WA0006-150x267.jpg 150w, https:\/\/tvsensor.com\/wp-content\/uploads\/2021\/02\/IMG-20210208-WA0006-300x533.jpg 300w, https:\/\/tvsensor.com\/wp-content\/uploads\/2021\/02\/IMG-20210208-WA0006-696x1237.jpg 696w\" sizes=\"auto, (max-width: 900px) 100vw, 900px\" \/><\/figure><\/li><li class=\"blocks-gallery-item\"><figure><img loading=\"lazy\" decoding=\"async\" width=\"900\" height=\"1600\" src=\"https:\/\/tvsensor.com\/wp-content\/uploads\/2021\/02\/IMG-20210208-WA0013.jpg\" alt=\"\" data-id=\"23622\" data-full-url=\"https:\/\/tvsensor.com\/wp-content\/uploads\/2021\/02\/IMG-20210208-WA0013.jpg\" data-link=\"https:\/\/tvsensor.com\/?attachment_id=23622\" class=\"wp-image-23622\" srcset=\"https:\/\/tvsensor.com\/wp-content\/uploads\/2021\/02\/IMG-20210208-WA0013.jpg 900w, https:\/\/tvsensor.com\/wp-content\/uploads\/2021\/02\/IMG-20210208-WA0013-84x150.jpg 84w, https:\/\/tvsensor.com\/wp-content\/uploads\/2021\/02\/IMG-20210208-WA0013-768x1365.jpg 768w, https:\/\/tvsensor.com\/wp-content\/uploads\/2021\/02\/IMG-20210208-WA0013-864x1536.jpg 864w, https:\/\/tvsensor.com\/wp-content\/uploads\/2021\/02\/IMG-20210208-WA0013-150x267.jpg 150w, https:\/\/tvsensor.com\/wp-content\/uploads\/2021\/02\/IMG-20210208-WA0013-300x533.jpg 300w, https:\/\/tvsensor.com\/wp-content\/uploads\/2021\/02\/IMG-20210208-WA0013-696x1237.jpg 696w\" sizes=\"auto, (max-width: 900px) 100vw, 900px\" \/><\/figure><\/li><\/ul><\/figure>\n\n\n\n<p>pressmedia.ba<\/p>\n","protected":false},"excerpt":{"rendered":"<p>Danas je otkrivena spomen plo\u010da na munari d\u017eamije Mesd\u017eida Glavogodina. Gradnja d\u017eamije je finansirana novcem koji je prije smrti pripadao D\u017eenanu Memi\u0107u. Na spomen plo\u010di pi\u0161e: BISERNA SAM, \u010cISTA KAO DU\u0160A VAKUFA MOGA. USTALA DA SE \u010cUJE ISTINA, DA OLAK\u0160A SRCU ONIH \u010cIJA JE SUZA VOLJENOG VOLJENOM ISPRATILA. VISINA MOJA PRAVDI NEKA POMOGNE DA SE [&hellip;]<\/p>\n","protected":false},"author":7,"featured_media":23625,"comment_status":"closed","ping_status":"closed","sticky":false,"template":"","format":"standard","meta":{"inline_featured_image":false,"footnotes":""},"categories":[376,37,38],"tags":[],"class_list":{"0":"post-23621","1":"post","2":"type-post","3":"status-publish","4":"format-standard","5":"has-post-thumbnail","7":"category-featured","8":"category-vijesti","9":"category-vijesti-iz-bih"},"acf":[],"_links":{"self":[{"href":"https:\/\/tvsensor.com\/api\/wp\/v2\/posts\/23621","targetHints":{"allow":["GET"]}}],"collection":[{"href":"https:\/\/tvsensor.com\/api\/wp\/v2\/posts"}],"about":[{"href":"https:\/\/tvsensor.com\/api\/wp\/v2\/types\/post"}],"author":[{"embeddable":true,"href":"https:\/\/tvsensor.com\/api\/wp\/v2\/users\/7"}],"replies":[{"embeddable":true,"href":"https:\/\/tvsensor.com\/api\/wp\/v2\/comments?post=23621"}],"version-history":[{"count":1,"href":"https:\/\/tvsensor.com\/api\/wp\/v2\/posts\/23621\/revisions"}],"predecessor-version":[{"id":23626,"href":"https:\/\/tvsensor.com\/api\/wp\/v2\/posts\/23621\/revisions\/23626"}],"wp:featuredmedia":[{"embeddable":true,"href":"https:\/\/tvsensor.com\/api\/wp\/v2\/media\/23625"}],"wp:attachment":[{"href":"https:\/\/tvsensor.com\/api\/wp\/v2\/media?parent=23621"}],"wp:term":[{"taxonomy":"category","embeddable":true,"href":"https:\/\/tvsensor.com\/api\/wp\/v2\/categories?post=23621"},{"taxonomy":"post_tag","embeddable":true,"href":"https:\/\/tvsensor.com\/api\/wp\/v2\/tags?post=23621"}],"curies":[{"name":"wp","href":"https:\/\/api.w.org\/{rel}","templated":true}]}}