{"id":23618,"date":"2021-02-08T14:00:47","date_gmt":"2021-02-08T13:00:47","guid":{"rendered":"https:\/\/senzor.ba\/?p=23618"},"modified":"2024-01-15T21:40:29","modified_gmt":"2024-01-15T20:40:29","slug":"brezanski-rudari-nastavljaju-raditi-do-12-02-kada-ce-stupiti-u-strajk","status":"publish","type":"post","link":"https:\/\/tvsensor.com\/clanak\/brezanski-rudari-nastavljaju-raditi-do-12-02-kada-ce-stupiti-u-strajk\/","title":{"rendered":"Brezanski rudari nastavljaju raditi do 12.02. kada \u0107e stupiti u \u0161trajk"},"content":{"rendered":"\n<p>Brezanski rudari, za razliku od svojih kolega iz Zavisnog dru\u0161tva Rudnici mrkog uglja&nbsp;Zenica, nisu danas stupili u radni\u010dki neposluh, ali \u0107e 12. februara zapo\u010deti \u0161trajk &#8211; kazao je u izjavi za Fenu predsjednik Sindikata ZD RMU Breza Jasmin Telalovi\u0107.&nbsp;<\/p>\n\n\n\n<p>-Na\u0161e preduze\u0107e pla\u0107e ispla\u0107uje 10., 11. ili 12. u mjesecu, ali je jo\u0161 uvijek blokiran ra\u010dun pa je upitna isplata pla\u0107a.&nbsp;Ra\u010dun je od 8. januara, kada je blokiran, deblokiran samo na jedan dan, kako bi nam bile ispla\u0107ene decembarske pla\u0107e.&nbsp;Ali, ako se do tada ne promijeni stanje te ne deblokira ra\u010dun, mi \u0107emo 12. februara stupiti u \u0161trajk, jer osim isplate pla\u0107e za januar, drugi zahtjev je deblokada ra\u010duna preduze\u0107a &#8211; isti\u010de Telalovi\u0107.<\/p>\n\n\n\n<p>Brezanski rudnik blokiran je 8. janura od Porezne uprave Federacije Bosne i Hercegovine zbog duga za doprinose u iznosu od 4,5 miliona KM, mada je dug preduze\u0107a, kao i ZD RMU Zenica, koji je blokiran na 4,9 miliona KM, mnogo ve\u0107i od iznosa na koji su blokirani.<\/p>\n\n\n\n<p>Zbog blokade ra\u010duna, oba preduze\u0107a imaju problema s nabavkom repromaterijala&nbsp;te funkcioni\u0161u dosta ote\u017eano.&nbsp;<\/p>\n\n\n\n<p>U oba su rudnika, koji posluju u sklopu Javnog preduze\u0107a Elektroprivreda BiH, u proteklih 20-ak dana, u nesre\u0107i na radu poginuli po jedan rudar, a u Brezi su dvojica rudara zadobila i lak\u0161e povrede.<\/p>\n\n\n\n<p>Fena<\/p>\n","protected":false},"excerpt":{"rendered":"<p>Brezanski rudari, za razliku od svojih kolega iz Zavisnog dru\u0161tva Rudnici mrkog uglja&nbsp;Zenica, nisu danas stupili u radni\u010dki neposluh, ali \u0107e 12. februara zapo\u010deti \u0161trajk &#8211; kazao je u izjavi za Fenu predsjednik Sindikata ZD RMU Breza Jasmin Telalovi\u0107.&nbsp; -Na\u0161e preduze\u0107e pla\u0107e ispla\u0107uje 10., 11. ili 12. u mjesecu, ali je jo\u0161 uvijek blokiran ra\u010dun [&hellip;]<\/p>\n","protected":false},"author":7,"featured_media":23619,"comment_status":"closed","ping_status":"closed","sticky":false,"template":"","format":"standard","meta":{"inline_featured_image":false,"footnotes":""},"categories":[376,37,38],"tags":[535],"class_list":{"0":"post-23618","1":"post","2":"type-post","3":"status-publish","4":"format-standard","5":"has-post-thumbnail","7":"category-featured","8":"category-vijesti","9":"category-vijesti-iz-bih","10":"tag-rmu-breza"},"acf":[],"_links":{"self":[{"href":"https:\/\/tvsensor.com\/api\/wp\/v2\/posts\/23618","targetHints":{"allow":["GET"]}}],"collection":[{"href":"https:\/\/tvsensor.com\/api\/wp\/v2\/posts"}],"about":[{"href":"https:\/\/tvsensor.com\/api\/wp\/v2\/types\/post"}],"author":[{"embeddable":true,"href":"https:\/\/tvsensor.com\/api\/wp\/v2\/users\/7"}],"replies":[{"embeddable":true,"href":"https:\/\/tvsensor.com\/api\/wp\/v2\/comments?post=23618"}],"version-history":[{"count":1,"href":"https:\/\/tvsensor.com\/api\/wp\/v2\/posts\/23618\/revisions"}],"predecessor-version":[{"id":23620,"href":"https:\/\/tvsensor.com\/api\/wp\/v2\/posts\/23618\/revisions\/23620"}],"wp:featuredmedia":[{"embeddable":true,"href":"https:\/\/tvsensor.com\/api\/wp\/v2\/media\/23619"}],"wp:attachment":[{"href":"https:\/\/tvsensor.com\/api\/wp\/v2\/media?parent=23618"}],"wp:term":[{"taxonomy":"category","embeddable":true,"href":"https:\/\/tvsensor.com\/api\/wp\/v2\/categories?post=23618"},{"taxonomy":"post_tag","embeddable":true,"href":"https:\/\/tvsensor.com\/api\/wp\/v2\/tags?post=23618"}],"curies":[{"name":"wp","href":"https:\/\/api.w.org\/{rel}","templated":true}]}}