{"id":23615,"date":"2021-02-07T22:10:28","date_gmt":"2021-02-07T21:10:28","guid":{"rendered":"https:\/\/senzor.ba\/?p=23615"},"modified":"2024-01-15T21:40:29","modified_gmt":"2024-01-15T20:40:29","slug":"ko-je-odgovoran-za-stetu-koju-gradjanima-bih-nanesu-migranti","status":"publish","type":"post","link":"https:\/\/tvsensor.com\/clanak\/ko-je-odgovoran-za-stetu-koju-gradjanima-bih-nanesu-migranti\/","title":{"rendered":"KO JE ODGOVORAN ZA \u0160TETU KOJU GRA\u0110ANIMA BIH NANESU MIGRANTI?"},"content":{"rendered":"\n<p>Migranti i tkz. migrantska kriza u Bosni i Hercegovini postaje svakodnevnica. Bosna i Hercegovina u doba pandemije se susre\u0107e sa najozbiljnijim problemom nekontrolisanog priliva migranata iz afri\u010dkih zemalja. Sa politi\u010dkog apsekta ako bi posmatrali ovu problemtiku mo\u017eemo nesporno zaklju\u010diti da tu ne\u0161to ne\u0161tima. Migranti se sljevaju u jedan dio BiH i to Federaciju BiH gdje su bo\u0161njaci ve\u0107ina. U drugim dijelovima BiH oni se ne zadr\u017eavaju ve\u0107 samo prolaze a da pritom neprave bilo kakve probleme. Koliko se mo\u017ee \u010duti Bosna i Hercegovina je od EU dobila zna\u010dajan novac koji se mjeri desetinama&nbsp; miliona KM. &nbsp;\u0160ta zna\u010di primiti taj novac, i \u0161ta BiH mora uraditi da sanira posljedice migrantske krize? Prvi i osnovni zadatak organa BiH je da obezbjedi smje\u0161taj migranata i organizuje njihovu puno kontrolu. Pod punom kontrolom podrazumjevamo izolaciju migranata od gra\u0111ana BiH. Bez obzira na neprijed navedene probleme u vezi koncentracije migranata samo na jednom dijelu BiH, Bosna i Hercegovina je suverena dr\u017eava, koja ima svoje organe, vojsku i obavezu da \u0161titi svoj teritorijalni integritet. Svaka dr\u017eava pa i BiH postoji radi svojih gra\u0111ana \u2013 narooda koji u njoj \u017eive. Bez obzira na ozbiljnost situacije migranti se ne kontroli\u0161u, oni nisu izolovani, identifikovani i slobodno se kre\u0107u po gradovima BiH. Svakodnevno ih vi\u0111amo kako prose ispred &nbsp;semafora i tr\u017enih centara. Da li smo svesni da je svaki migrant potencijalna opasnost za gra\u0111ane BiH? Opasnosti postajemo svjesni kada \u010dujemo da su migranti poku\u0161ali oteti mobitele, novac i sl. I kao kulminacija ovi doga\u0111aja desi se ubistvo gra\u0111anina BiH i te\u0161ko ranjavanje dugih lica. Provede se akcija i uhapse se po\u010dinioci i mo\u017eda i osude. \u0160ta porodica poginulog ima od kazne i od osu\u0111enog po\u010dinioca, kada je sigurno da on nema finansije da nadokadi \u0161tetu? Da li BiH mo\u017ee odgovarati i po kom&nbsp; pravnom osnovu?<\/p>\n\n\n\n<p>Ja smatram da je BiH odgovorna sa vi\u0161e aspekata. Kao \u0161to sam naprijed naveo BiH nije sprije\u010dila ulazak migranata, a od EU je primila zna\u010dajan novac da rije\u0161i ovo pitanje. Rije\u0161iti ovo pitanje zna\u010di da svoje gra\u0111ane i njihovu imovinu za\u0161titi od svih mogu\u0107ih nasilja migranata. Da bi to uradila BiH ima na raspolaganju sva sredstva sa kojim raspola\u017ee jedna dr\u017eava. Gra\u0111ani BiH dr\u017eavi pla\u0107aju poreze a dr\u017eava je du\u017ena da ima garantuje bezbjednost njima i njihovoj imovini. Me\u0111utim, ukoliko pokrenete tu\u017ebu, sud \u0107e osim \u010dinjenica tra\u017eiti i pravni osnov na kojim temeljite svoj tu\u017ebeni zahtjev. Temeljni zakon koji se odnosi za \u0161tetu je Zakon o obligacionim odnosima. Odredbom \u010dlana 172. ZOO je odre\u0111eno da:<strong> <\/strong><strong><em>\u201c<\/em><\/strong><em>(1) Pravno lice odgovara za \u0161tetu koju njegov organ prouzrokuje tre\u0107em licu u vr\u0161enju ili u vezi sa vr\u0161enjem svojih funkcija. (2) Ako za odre\u0111eni slu\u010daj nije \u0161to drugo u zakonu odre\u0111eno, pravno lice ima pravo na naknadu od lica koje je \u0161tetu skrivilo namjerno ili krajnjom nepa\u017enjom. (3) To pravo zastarijeva u roku od \u0161est mjeseci od dana ispla\u0107ene naknade \u0161tete.\u201d<\/em><\/p>\n\n\n\n<p>Ako nam je poznato da se \u0161teta mo\u017ee na\u010diniti \u010dinjenjem ili ne\u010dinjenjem, onda je jasno da dr\u017eava BiH odgovara za \u0161tetu koja je nanesena njenim gra\u0111anima nasiljem koju \u010dine migranti. Dr\u017eava putem svojih organa mora za\u0161titi svoje gra\u0111ane i organizovati punu kontrolu njihovog boravka u BiH. Mo\u017eda \u0107e neko re\u0107i da dr\u017eava BiH nema novaca za te namjene. Ukoliko je poznato da EU izdvaja novac za migrante, upravo taj novac slu\u017ei i za otkljanjaje \u0161tete koju &nbsp;migranti nanesu gra\u0111anima BiH.<\/p>\n\n\n\n<p>Na kraju mo\u017eemo zaklju\u010diti da \u0161tetnici koji su pretpjeli \u0161tetu od migranata u BIH svoje tu\u017ebe treba usmjeriti prema BiH.<\/p>\n\n\n\n<p><strong>Doc.dr.Hrva\u010di\u0107 Esad<\/strong><\/p>\n","protected":false},"excerpt":{"rendered":"<p>Migranti i tkz. migrantska kriza u Bosni i Hercegovini postaje svakodnevnica. Bosna i Hercegovina u doba pandemije se susre\u0107e sa najozbiljnijim problemom nekontrolisanog priliva migranata iz afri\u010dkih zemalja. Sa politi\u010dkog apsekta ako bi posmatrali ovu problemtiku mo\u017eemo nesporno zaklju\u010diti da tu ne\u0161to ne\u0161tima. Migranti se sljevaju u jedan dio BiH i to Federaciju BiH gdje [&hellip;]<\/p>\n","protected":false},"author":60,"featured_media":21976,"comment_status":"closed","ping_status":"closed","sticky":false,"template":"","format":"standard","meta":{"inline_featured_image":false,"footnotes":""},"categories":[456,458],"tags":[],"class_list":{"0":"post-23615","1":"post","2":"type-post","3":"status-publish","4":"format-standard","5":"has-post-thumbnail","7":"category-pravo","8":"category-stavovi-i-misljenja"},"acf":[],"_links":{"self":[{"href":"https:\/\/tvsensor.com\/api\/wp\/v2\/posts\/23615","targetHints":{"allow":["GET"]}}],"collection":[{"href":"https:\/\/tvsensor.com\/api\/wp\/v2\/posts"}],"about":[{"href":"https:\/\/tvsensor.com\/api\/wp\/v2\/types\/post"}],"author":[{"embeddable":true,"href":"https:\/\/tvsensor.com\/api\/wp\/v2\/users\/60"}],"replies":[{"embeddable":true,"href":"https:\/\/tvsensor.com\/api\/wp\/v2\/comments?post=23615"}],"version-history":[{"count":2,"href":"https:\/\/tvsensor.com\/api\/wp\/v2\/posts\/23615\/revisions"}],"predecessor-version":[{"id":23617,"href":"https:\/\/tvsensor.com\/api\/wp\/v2\/posts\/23615\/revisions\/23617"}],"wp:featuredmedia":[{"embeddable":true,"href":"https:\/\/tvsensor.com\/api\/wp\/v2\/media\/21976"}],"wp:attachment":[{"href":"https:\/\/tvsensor.com\/api\/wp\/v2\/media?parent=23615"}],"wp:term":[{"taxonomy":"category","embeddable":true,"href":"https:\/\/tvsensor.com\/api\/wp\/v2\/categories?post=23615"},{"taxonomy":"post_tag","embeddable":true,"href":"https:\/\/tvsensor.com\/api\/wp\/v2\/tags?post=23615"}],"curies":[{"name":"wp","href":"https:\/\/api.w.org\/{rel}","templated":true}]}}