{"id":23598,"date":"2021-02-07T19:03:51","date_gmt":"2021-02-07T18:03:51","guid":{"rendered":"https:\/\/senzor.ba\/?p=23598"},"modified":"2024-01-15T21:40:29","modified_gmt":"2024-01-15T20:40:29","slug":"odrzan-prvi-sastanak-kantonalnog-odbora-bns-vjera-narod-drzava","status":"publish","type":"post","link":"https:\/\/tvsensor.com\/clanak\/odrzan-prvi-sastanak-kantonalnog-odbora-bns-vjera-narod-drzava\/","title":{"rendered":"Odr\u017ean prvi sastanak kantonalnog odbora BNS &#8216;Vjera.Narod.Dr\u017eava.&#8217;"},"content":{"rendered":"\n<p>Poznato je kako je BiH prva u Evropi po broju registrovanih politi\u010dkih stranaka i sli\u010dnih organizacija.<\/p>\n\n\n\n<p>U na\u0161oj domovini politi\u010dke stranke ni\u010du kao pe\u010durke poslije ki\u0161e, pa nastanak nove nije ne\u0161to \u0161to izaziva posebnu pa\u017enju u javnosti. Me\u0111utim, prof. Sanin Musa, tvrdi da je novoosnovani projekat naziva &#8216;Vjera. Narod. Dr\u017eava.&#8217; sasvim druga\u010diji te utemeljen na osnovama islama.<\/p>\n\n\n\n<p>Naime, kako ponosno isti\u010de, radi se o prvom politi\u010dkom projektu u Evropi, koji je \u201cutemeljen javno i transparentno i takav izlazi u javnost na \u010dasnim postulatima Allahove vjere, prije svega Kur'anu i sunetu.\u201c<\/p>\n\n\n\n<p>Nakon \u0161to su idejno krenuli iz podruma, projekat se svakog dana sve vi\u0161e \u0161iri kako u granicama BiH, tako i izvan na\u0161e domovine.<\/p>\n\n\n\n<figure class=\"wp-block-image size-large\"><img loading=\"lazy\" decoding=\"async\" width=\"1600\" height=\"1200\" src=\"https:\/\/tvsensor.com\/wp-content\/uploads\/2021\/02\/146505365_745225119754019_5120307805912070453_n.jpg\" alt=\"\" class=\"wp-image-23601\" srcset=\"https:\/\/tvsensor.com\/wp-content\/uploads\/2021\/02\/146505365_745225119754019_5120307805912070453_n.jpg 1600w, https:\/\/tvsensor.com\/wp-content\/uploads\/2021\/02\/146505365_745225119754019_5120307805912070453_n-150x113.jpg 150w, https:\/\/tvsensor.com\/wp-content\/uploads\/2021\/02\/146505365_745225119754019_5120307805912070453_n-768x576.jpg 768w, https:\/\/tvsensor.com\/wp-content\/uploads\/2021\/02\/146505365_745225119754019_5120307805912070453_n-1536x1152.jpg 1536w, https:\/\/tvsensor.com\/wp-content\/uploads\/2021\/02\/146505365_745225119754019_5120307805912070453_n-300x225.jpg 300w, https:\/\/tvsensor.com\/wp-content\/uploads\/2021\/02\/146505365_745225119754019_5120307805912070453_n-696x522.jpg 696w, https:\/\/tvsensor.com\/wp-content\/uploads\/2021\/02\/146505365_745225119754019_5120307805912070453_n-1068x801.jpg 1068w, https:\/\/tvsensor.com\/wp-content\/uploads\/2021\/02\/146505365_745225119754019_5120307805912070453_n-80x60.jpg 80w, https:\/\/tvsensor.com\/wp-content\/uploads\/2021\/02\/146505365_745225119754019_5120307805912070453_n-265x198.jpg 265w, https:\/\/tvsensor.com\/wp-content\/uploads\/2021\/02\/146505365_745225119754019_5120307805912070453_n-320x240.jpg 320w\" sizes=\"auto, (max-width: 1600px) 100vw, 1600px\" \/><\/figure>\n\n\n\n<p>Prvi sastanak kantonalnog odbora Bosanske narodne stranke &#8216;Vjera.Narod.Dr\u017eava&#8217; USK-a odr\u017ean je danas, 7. 2. 2021. g., u Cazinu uz prisustvo vi\u0161e od 20 ljudi \u0161to aktivnih i potencijalnih \u010dlanova \u0161to simpatizera novonastale stranke, povodom \u010dega se i prof. Sanin Musa oglasio.<\/p>\n\n\n\n<p>Podcrtani su glavni ciljevi stranke, shodno motu &#8216;Vjera.Narod.Dr\u017eava&#8217; :<\/p>\n\n\n\n<ul class=\"wp-block-list\"><li>po\u0161tivanje Bo\u017eijeg prava na Zemlji<\/li><li>pozivanje na dobro i odvra\u0107anje od zla<\/li><li>bu\u0111enje nacionalne svijesti<\/li><li>jedinstvo Bo\u0161njaka<\/li><li>bratstvo u okviru projekta \u2018Svi za jednog, jedan za sve\u2019 i<\/li><li>o\u010duvanje uspomene na sve koji su vlastitom \u017ertvom doprinijeli o\u010duvanju dr\u017eave Bosne i Hercegovine.<\/li><\/ul>\n\n\n\n<p>Prof. Musa nagla\u0161ava bezrezervnu opredijeljenost stranke u borbi protiv najve\u0107ih zala kojima je izlo\u017eeno sada\u0161nje bh. dru\u0161tvo, a to su: nepotizam, mito. korupcija i nepravda.<\/p>\n\n\n\n<p>Ustrajni su na borbi za gra\u0111ansku, suverenu i cjelovitu BiH u kojoj \u0107e pravo na ispovijedanje vlastite vjere te dostojanstvenog i prosperitetnog na\u010dina \u017eivota imati svi njeni gra\u0111ani bez obzira na vjersku, etni\u010dku i drugu pripadnost.<\/p>\n\n\n\n<p>Svoje politi\u010dke odluke namjeravaju vagati prema vrijednostima Kur'ana i suneta te prihvatati halal, a nastojati da budu daleko od harama. &nbsp;Sam projekat smatraju davetskim, te se nadaju ulasku &#8216;u domove i srca ljudi s ciljem vra\u0107anja ljudi svom Gospodaru i izlaska iz nevjerovanja&#8217;.<\/p>\n\n\n\n<p>\u010clanovi stranke vjeruju da \u0107e projekat biti prepoznat od ogromnog broja na\u0161ih gra\u0111ana.<\/p>\n","protected":false},"excerpt":{"rendered":"<p>Poznato je kako je BiH prva u Evropi po broju registrovanih politi\u010dkih stranaka i sli\u010dnih organizacija. U na\u0161oj domovini politi\u010dke stranke ni\u010du kao pe\u010durke poslije ki\u0161e, pa nastanak nove nije ne\u0161to \u0161to izaziva posebnu pa\u017enju u javnosti. Me\u0111utim, prof. Sanin Musa, tvrdi da je novoosnovani projekat naziva &#8216;Vjera. Narod. Dr\u017eava.&#8217; sasvim druga\u010diji te utemeljen na [&hellip;]<\/p>\n","protected":false},"author":59,"featured_media":23600,"comment_status":"closed","ping_status":"closed","sticky":false,"template":"","format":"standard","meta":{"inline_featured_image":false,"footnotes":""},"categories":[234,38],"tags":[],"class_list":{"0":"post-23598","1":"post","2":"type-post","3":"status-publish","4":"format-standard","5":"has-post-thumbnail","7":"category-politika","8":"category-vijesti-iz-bih"},"acf":[],"_links":{"self":[{"href":"https:\/\/tvsensor.com\/api\/wp\/v2\/posts\/23598","targetHints":{"allow":["GET"]}}],"collection":[{"href":"https:\/\/tvsensor.com\/api\/wp\/v2\/posts"}],"about":[{"href":"https:\/\/tvsensor.com\/api\/wp\/v2\/types\/post"}],"author":[{"embeddable":true,"href":"https:\/\/tvsensor.com\/api\/wp\/v2\/users\/59"}],"replies":[{"embeddable":true,"href":"https:\/\/tvsensor.com\/api\/wp\/v2\/comments?post=23598"}],"version-history":[{"count":8,"href":"https:\/\/tvsensor.com\/api\/wp\/v2\/posts\/23598\/revisions"}],"predecessor-version":[{"id":23614,"href":"https:\/\/tvsensor.com\/api\/wp\/v2\/posts\/23598\/revisions\/23614"}],"wp:featuredmedia":[{"embeddable":true,"href":"https:\/\/tvsensor.com\/api\/wp\/v2\/media\/23600"}],"wp:attachment":[{"href":"https:\/\/tvsensor.com\/api\/wp\/v2\/media?parent=23598"}],"wp:term":[{"taxonomy":"category","embeddable":true,"href":"https:\/\/tvsensor.com\/api\/wp\/v2\/categories?post=23598"},{"taxonomy":"post_tag","embeddable":true,"href":"https:\/\/tvsensor.com\/api\/wp\/v2\/tags?post=23598"}],"curies":[{"name":"wp","href":"https:\/\/api.w.org\/{rel}","templated":true}]}}