{"id":23595,"date":"2021-02-07T16:39:35","date_gmt":"2021-02-07T15:39:35","guid":{"rendered":"https:\/\/senzor.ba\/?p=23595"},"modified":"2024-01-15T21:40:30","modified_gmt":"2024-01-15T20:40:30","slug":"koalicija-za-mostar-2020-bh-blok-treba-glasati-za-zlatka-guzina","status":"publish","type":"post","link":"https:\/\/tvsensor.com\/clanak\/koalicija-za-mostar-2020-bh-blok-treba-glasati-za-zlatka-guzina\/","title":{"rendered":"Koalicija za Mostar 2020: BH Blok treba glasati za Zlatka Guzina"},"content":{"rendered":"\n<p><strong>Predsjednik Kluba vije\u0107nika Koalicije za Mostar 2020 Adil \u0160uta objavio je danas da BH Blok treba glasati za Zlatka Guzina i na taj na\u010din, kako je naveo, dokazati svoj dr\u017eavni\u010dki pristup kao ozbiljna bosanskohercegova\u010dka politi\u010dka opcija.<\/strong><\/p>\n\n\n\n<p>Navodi kako Zlatko Guzin ne vidi sebe kao gradona\u010delnika samo jednog dijela grada ili samo jednog naroda, jer \u201cnije takav \u010dovjek i osoba je koja ima prijatelje svih nacionalnosti i svih politi\u010dkih orijentacija\u201d.<\/p>\n\n\n\n<p>\u2013 \u010covjek koji je procentualno dobio najve\u0107u podr\u0161ku od svih kandidata unutar svoje politi\u010dke opcije (13.061 od 15.903 glasa Koalicije ili 82.13 posto), dok je dr. Kordi\u0107 dobio 72.87 posto unutar svoje politi\u010dke opcije. Izborom Zlatka Guzina za gradona\u010delnika Grada Mostara bile bi razbijene teze da je Mostar stolni grad hrvatskog naroda i da postoji ekskluzivitet da gradona\u010delnik od 2004. bude isklju\u010divo iz HDZ-a \u2013 isti\u010de \u0160uta.<\/p>\n\n\n\n<p>Dodaje da bi Guzini, zasigurno, kao gradona\u010delnik Mostara uklju\u010dio u svoj rad sve \u010dlanove Gradskog vije\u0107a, kako bi ubrzali potrebne pozitivne promjene u Gradu Mostaru, te da ne bi dozvolio podjele grada ve\u0107 naprotiv predlo\u017eio i realizovao ujedinjenje gradskih komunalnih preduze\u0107a, muzi\u010dkih \u0161kola, uklanjanje vjerskih i paradr\u017eavnih obilje\u017eja iz pojedinih prostorija grada.<\/p>\n\n\n\n<p>\u2013 Omogu\u0107io bi BH Bloku da imaju svoje \u010dlanove u rukovodstvu Gradskog vije\u0107a, u upravlja\u010dkim strukturama javnih preduze\u0107a u vlasni\u0161tvu Grada, te bi u potpunosti podr\u017eao platformu i program BH Bloka, \u0161to je i javno izjavio na prethodnim sastancima sa BH Blokom. Zato je velika odgovornost i obaveza na BH Bloku da izborom Guzina pomogne ubrzane i neophodne promjene u Gradu Mostaru. Optu\u017ebe zvani\u010dnika SDP-a i Na\u0161e stranke da SDA ima dogovor sa HDZ-om oko izbora gradona\u010delnika \u0107e se ispostaviti kao ta\u010dne ukoliko \u010dlanovi SDA u sljede\u0107em krugu glasanja ne podr\u017ee svog kandidata, a to urade vije\u0107nici BH Bloka \u2013 navodi \u0160uta.<\/p>\n\n\n\n<p>Me\u0111utim, tvrdi da ako vije\u0107nici BH Bloka ne podr\u017ee Guzina time \u0107e direktno omogu\u0107iti HDZ-ovom kandidatu Mariju Kordi\u0107u da postane novi gradona\u010delnik Mostara.<\/p>\n\n\n\n<p>\u2013 Tom odlukom \u0107e potvrditi ve\u0107 postoje\u0107a vjerovanja da SDP, Na\u0161a stranka i njihovi koalicioni partneri podilaze HDZ-u BiH i prave ustupke toj stranci kako bi stvorili pretpostavke da ih Dragan \u010covi\u0107 izabere za svoje partnere nakon Op\u0107ih izbora 2022. Na BH Bloku je da odlu\u010di da li \u017eeli istinski promjene i realizaciju svojih programa i platformi \u2013 saop\u0107eno je iz Koalicije za Mostar 2020.<\/p>\n\n\n\n<p>Fena<\/p>\n","protected":false},"excerpt":{"rendered":"<p>Predsjednik Kluba vije\u0107nika Koalicije za Mostar 2020 Adil \u0160uta objavio je danas da BH Blok treba glasati za Zlatka Guzina i na taj na\u010din, kako je naveo, dokazati svoj dr\u017eavni\u010dki pristup kao ozbiljna bosanskohercegova\u010dka politi\u010dka opcija. Navodi kako Zlatko Guzin ne vidi sebe kao gradona\u010delnika samo jednog dijela grada ili samo jednog naroda, jer \u201cnije [&hellip;]<\/p>\n","protected":false},"author":7,"featured_media":23596,"comment_status":"closed","ping_status":"closed","sticky":false,"template":"","format":"standard","meta":{"inline_featured_image":false,"footnotes":""},"categories":[376,234,37,38],"tags":[],"class_list":{"0":"post-23595","1":"post","2":"type-post","3":"status-publish","4":"format-standard","5":"has-post-thumbnail","7":"category-featured","8":"category-politika","9":"category-vijesti","10":"category-vijesti-iz-bih"},"acf":[],"_links":{"self":[{"href":"https:\/\/tvsensor.com\/api\/wp\/v2\/posts\/23595","targetHints":{"allow":["GET"]}}],"collection":[{"href":"https:\/\/tvsensor.com\/api\/wp\/v2\/posts"}],"about":[{"href":"https:\/\/tvsensor.com\/api\/wp\/v2\/types\/post"}],"author":[{"embeddable":true,"href":"https:\/\/tvsensor.com\/api\/wp\/v2\/users\/7"}],"replies":[{"embeddable":true,"href":"https:\/\/tvsensor.com\/api\/wp\/v2\/comments?post=23595"}],"version-history":[{"count":1,"href":"https:\/\/tvsensor.com\/api\/wp\/v2\/posts\/23595\/revisions"}],"predecessor-version":[{"id":23597,"href":"https:\/\/tvsensor.com\/api\/wp\/v2\/posts\/23595\/revisions\/23597"}],"wp:featuredmedia":[{"embeddable":true,"href":"https:\/\/tvsensor.com\/api\/wp\/v2\/media\/23596"}],"wp:attachment":[{"href":"https:\/\/tvsensor.com\/api\/wp\/v2\/media?parent=23595"}],"wp:term":[{"taxonomy":"category","embeddable":true,"href":"https:\/\/tvsensor.com\/api\/wp\/v2\/categories?post=23595"},{"taxonomy":"post_tag","embeddable":true,"href":"https:\/\/tvsensor.com\/api\/wp\/v2\/tags?post=23595"}],"curies":[{"name":"wp","href":"https:\/\/api.w.org\/{rel}","templated":true}]}}