{"id":23509,"date":"2021-02-06T13:39:18","date_gmt":"2021-02-06T12:39:18","guid":{"rendered":"https:\/\/senzor.ba\/?p=23509"},"modified":"2024-01-15T21:40:31","modified_gmt":"2024-01-15T20:40:31","slug":"sefovi-diplomatija-kine-i-sad-razgovarali-o-temama-koje-su-zategnule-odnose","status":"publish","type":"post","link":"https:\/\/tvsensor.com\/clanak\/sefovi-diplomatija-kine-i-sad-razgovarali-o-temama-koje-su-zategnule-odnose\/","title":{"rendered":"\u0160efovi diplomatija Kine i SAD razgovarali o temama koje su &#8216;zategnule&#8217; odnose"},"content":{"rendered":"\n<p>\u0160efovi diplomatije Sjedinjenih Dr\u017eava i Kine razgovarali su u subotu, u prvoj velikoj razmjeni mi\u0161ljenja izme\u0111u dvije zemlje otkako je predsjednik Joe Biden preuzeo du\u017enost, i dotakli su se nekoliko kriti\u010dnih tema koje su zategnule odnose dvije zemlje.<\/p>\n\n\n\n<p>Kineski \u0161ef diplomatije Yang Jiechi i ameri\u010dki dr\u017eavni sekretar Antony Blinken raspravljali su u telefonskom razgovoru o napetostima u me\u0111usobnim odnosima dvije zemlje, posebno o situaciji u Xinjiangu, domu mislimanske manjinske zajednice Ujgura, \u010diji je tretman \u017eestoko kritikovao Zapad, kao i u Hong Kongu i na Tajvanu.<\/p>\n\n\n\n<p>Dva saop\u0107enja objavljena nakon razgovora pokazuju razli\u010dite pozicije dvije zemlje, koje su se sukobile u brojnim pitanjima od trgovine do kineskog gu\u0161enja protesta u Hong Kongu i poja\u010dane ameri\u010dke podr\u0161ke&nbsp; Tajvanu. Ameri\u010dko-kineski odnosi pali su na najni\u017ee nivoe u proteklih nekoliko godina, djelimi\u010dno i zbog pokretanja trgovinskog rata s Pekingom biv\u0161eg ameri\u010dkog predsjednika Donalda Trumpa, koji je tako\u0111er optu\u017eio Kinu za pokretanje pandemije koronavirusa u kojoj je preminulo vi\u0161e od dva miliona ljudi \u0161irom svijeta.<\/p>\n\n\n\n<p>Blinken je naglasio da \u0107e SAD sara\u0111ivati sa svojim saveznicima kako bi proglasili Kinu \u201eodgovornom za napore na prijetnji stabilnosti u indo-pacifi\u010dkoj regiji i u Tajvanskom moreuzu\u201d.<\/p>\n\n\n\n<p>Kazao je da \u0107e Sjedinjene Dr\u017eave nastaviti da se zala\u017eu za ljudska prava i demokratske vrijednosti, uklju\u010duju\u0107i i one&nbsp; Xinjiangu, Tibetu, i Hong Kongu, navodi u saop\u0107enju State Department.<\/p>\n\n\n\n<p>Yang&nbsp; je kazao da su ovog trena \u201ekinesko-ameri\u010dki odsnosi na kriti\u010dnom raskr\u0161\u0107u\u201c.<\/p>\n\n\n\n<p>&#8211; Politika kineske vlade prema SAD-u uvijek je odr\u017eavala visok nivo stabilnosti i kontinuiteta \u2013 navodi njegovu izjavu kineska dr\u017eavna novinska agencija Xinhua.&nbsp;&nbsp;&nbsp;&nbsp;&nbsp;&nbsp;&nbsp;&nbsp;<\/p>\n\n\n\n<p>Zatra\u017eio je od Washingtona&nbsp; da \u201eispravi gre\u0161ke koje je u\u010dinio vremenom i da sara\u0111uje s Kinom u duhu nekonfliktnog, nekonfrontacijskog uzajamnog po\u0161tovanja i obostrane koristi i da se fokusira na kooperaciju, prevazila\u017eenje razlika i promoviranje zdravog i stabilnog razvoja kinesko-ameri\u010dkih odnosa\u201c.<\/p>\n\n\n\n<p>Kineske vlasti tvrde da su Xinjiang, Hong Kong i Tibet striktno unutra\u0161nja pitanja Pekinga i da ne\u0107e tolerisati bilo kakvo strano uplitanje, javila je Xinhua.<\/p>\n\n\n\n<p>Yang je nazvao tajvansko pitanje \u201enajosjetljivijim, najbitnijim i su\u0161tinskim pitanjem u odnosima izme\u0111u SAD i Kine\u201c, prenosi Associated Press.<\/p>\n\n\n\n<p>Fena<\/p>\n","protected":false},"excerpt":{"rendered":"<p>\u0160efovi diplomatije Sjedinjenih Dr\u017eava i Kine razgovarali su u subotu, u prvoj velikoj razmjeni mi\u0161ljenja izme\u0111u dvije zemlje otkako je predsjednik Joe Biden preuzeo du\u017enost, i dotakli su se nekoliko kriti\u010dnih tema koje su zategnule odnose dvije zemlje. Kineski \u0161ef diplomatije Yang Jiechi i ameri\u010dki dr\u017eavni sekretar Antony Blinken raspravljali su u telefonskom razgovoru o [&hellip;]<\/p>\n","protected":false},"author":7,"featured_media":23510,"comment_status":"closed","ping_status":"closed","sticky":false,"template":"","format":"standard","meta":{"inline_featured_image":false,"footnotes":""},"categories":[376,41,37],"tags":[530,107,532],"class_list":{"0":"post-23509","1":"post","2":"type-post","3":"status-publish","4":"format-standard","5":"has-post-thumbnail","7":"category-featured","8":"category-svijet","9":"category-vijesti","10":"tag-kina","11":"tag-sad","12":"tag-yang-jiechi"},"acf":[],"_links":{"self":[{"href":"https:\/\/tvsensor.com\/api\/wp\/v2\/posts\/23509","targetHints":{"allow":["GET"]}}],"collection":[{"href":"https:\/\/tvsensor.com\/api\/wp\/v2\/posts"}],"about":[{"href":"https:\/\/tvsensor.com\/api\/wp\/v2\/types\/post"}],"author":[{"embeddable":true,"href":"https:\/\/tvsensor.com\/api\/wp\/v2\/users\/7"}],"replies":[{"embeddable":true,"href":"https:\/\/tvsensor.com\/api\/wp\/v2\/comments?post=23509"}],"version-history":[{"count":1,"href":"https:\/\/tvsensor.com\/api\/wp\/v2\/posts\/23509\/revisions"}],"predecessor-version":[{"id":23511,"href":"https:\/\/tvsensor.com\/api\/wp\/v2\/posts\/23509\/revisions\/23511"}],"wp:featuredmedia":[{"embeddable":true,"href":"https:\/\/tvsensor.com\/api\/wp\/v2\/media\/23510"}],"wp:attachment":[{"href":"https:\/\/tvsensor.com\/api\/wp\/v2\/media?parent=23509"}],"wp:term":[{"taxonomy":"category","embeddable":true,"href":"https:\/\/tvsensor.com\/api\/wp\/v2\/categories?post=23509"},{"taxonomy":"post_tag","embeddable":true,"href":"https:\/\/tvsensor.com\/api\/wp\/v2\/tags?post=23509"}],"curies":[{"name":"wp","href":"https:\/\/api.w.org\/{rel}","templated":true}]}}